{"id":659,"date":"2022-05-02T10:25:00","date_gmt":"2022-05-02T10:25:00","guid":{"rendered":"https:\/\/borabrasil.radio.br\/?p=659"},"modified":"2022-05-20T01:58:27","modified_gmt":"2022-05-20T01:58:27","slug":"racismo-em-pleno-seculo-xxi","status":"publish","type":"post","link":"https:\/\/borabrasil.radio.br\/?p=659","title":{"rendered":"Racismo Em Pleno S\u00e9culo XXI"},"content":{"rendered":"\n<div class=\"wp-block-group alignfull has-background\" style=\"background-color:#333333\"><div class=\"wp-block-group__inner-container is-layout-flow wp-block-group-is-layout-flow\">\n<figure class=\"wp-block-image alignwide size-full\"><img loading=\"lazy\" decoding=\"async\" width=\"930\" height=\"552\" src=\"https:\/\/borabrasil.radio.br\/wp-content\/uploads\/2022\/05\/img-racismo-1.jpg\" alt=\"\" class=\"wp-image-666\" srcset=\"https:\/\/borabrasil.radio.br\/wp-content\/uploads\/2022\/05\/img-racismo-1.jpg 930w, https:\/\/borabrasil.radio.br\/wp-content\/uploads\/2022\/05\/img-racismo-1-300x178.jpg 300w, https:\/\/borabrasil.radio.br\/wp-content\/uploads\/2022\/05\/img-racismo-1-768x456.jpg 768w, https:\/\/borabrasil.radio.br\/wp-content\/uploads\/2022\/05\/img-racismo-1-465x276.jpg 465w, https:\/\/borabrasil.radio.br\/wp-content\/uploads\/2022\/05\/img-racismo-1-695x413.jpg 695w\" sizes=\"auto, (max-width: 930px) 100vw, 930px\" \/><\/figure>\n\n\n\n<h1 class=\"has-text-align-center has-text-color has-x-large-font-size wp-block-heading\" style=\"color:#ffffff\">Racismo Em Pleno S\u00e9culo XXI<\/h1>\n<\/div><\/div>\n\n\n\n<section class=\"wp-block-uagb-section uagb-section__wrap uagb-section__background-undefined uagb-block-5e9b79df\"><div class=\"uagb-section__overlay\"><\/div><div class=\"uagb-section__inner-wrap\">\n<section class=\"wp-block-uagb-columns uagb-columns__wrap uagb-columns__background-undefined uagb-columns__stack-mobile uagb-columns__valign-undefined uagb-columns__gap-10 alignundefined uagb-block-6237f4f9\"><div class=\"uagb-columns__overlay\"><\/div><div class=\"uagb-columns__inner-wrap uagb-columns__columns-3\">\n<div class=\"wp-block-uagb-column uagb-column__wrap uagb-column__background-undefined uagb-block-9d87139f\"><div class=\"uagb-column__overlay\"><\/div><div class=\"uagb-column__inner-wrap\">\n<p><strong>Web R\u00e1dio Bora Brasil<\/strong><\/p>\n\n\n<div class=\"wp-block-post-date\"><time datetime=\"2022-05-02T10:25:00+00:00\">maio 2, 2022<\/time><\/div><\/div><\/div>\n\n\n\n<div class=\"wp-block-uagb-column uagb-column__wrap uagb-column__background-undefined uagb-block-94d2456d\"><div class=\"uagb-column__overlay\"><\/div><div class=\"uagb-column__inner-wrap\"><\/div><\/div>\n\n\n\n<div class=\"wp-block-uagb-column uagb-column__wrap uagb-column__background-undefined uagb-block-c9a7302e\"><div class=\"uagb-column__overlay\"><\/div><div class=\"uagb-column__inner-wrap\">\n<div class=\"wp-block-uagb-social-share uagb-social-share__outer-wrap uagb-social-share__layout-horizontal uagb-block-b1517486\"><div class=\"uagb-social-share__wrap\">\n<div class=\"wp-block-uagb-social-share-child uagb-ss-repeater uagb-ss__wrapper uagb-block-6794f13b\"><a class=\"uagb-ss__link\" data-href=\"https:\/\/www.facebook.com\/sharer.php?u=\" rel=\"noopener noreferrer\"><span class=\"uagb-ss__source-wrap\"><span class=\"uagb-ss__source-icon\"><svg xmlns=\"http:\/\/www.w3.org\/2000\/svg\" viewBox=\"0 0 512 512\"><path d=\"M504 256C504 119 393 8 256 8S8 119 8 256c0 123.78 90.69 226.38 209.25 245V327.69h-63V256h63v-54.64c0-62.15 37-96.48 93.67-96.48 27.14 0 55.52 4.84 55.52 4.84v61h-31.28c-30.8 0-40.41 19.12-40.41 38.73V256h68.78l-11 71.69h-57.78V501C413.31 482.38 504 379.78 504 256z\"><\/path><\/svg><\/span><\/span><\/a><\/div>\n\n\n\n<div class=\"wp-block-uagb-social-share-child uagb-ss-repeater uagb-ss__wrapper uagb-block-67d8d93a\"><a class=\"uagb-ss__link\" data-href=\"https:\/\/twitter.com\/share?url=\" rel=\"noopener noreferrer\"><span class=\"uagb-ss__source-wrap\"><span class=\"uagb-ss__source-icon\"><svg xmlns=\"http:\/\/www.w3.org\/2000\/svg\" viewBox=\"0 0 448 512\"><path d=\"M400 32H48C21.5 32 0 53.5 0 80v352c0 26.5 21.5 48 48 48h352c26.5 0 48-21.5 48-48V80c0-26.5-21.5-48-48-48zm-48.9 158.8c.2 2.8.2 5.7.2 8.5 0 86.7-66 186.6-186.6 186.6-37.2 0-71.7-10.8-100.7-29.4 5.3.6 10.4.8 15.8.8 30.7 0 58.9-10.4 81.4-28-28.8-.6-53-19.5-61.3-45.5 10.1 1.5 19.2 1.5 29.6-1.2-30-6.1-52.5-32.5-52.5-64.4v-.8c8.7 4.9 18.9 7.9 29.6 8.3a65.447 65.447 0 0 1-29.2-54.6c0-12.2 3.2-23.4 8.9-33.1 32.3 39.8 80.8 65.8 135.2 68.6-9.3-44.5 24-80.6 64-80.6 18.9 0 35.9 7.9 47.9 20.7 14.8-2.8 29-8.3 41.6-15.8-4.9 15.2-15.2 28-28.8 36.1 13.2-1.4 26-5.1 37.8-10.2-8.9 13.1-20.1 24.7-32.9 34z\"><\/path><\/svg><\/span><\/span><\/a><\/div>\n\n\n\n<div class=\"wp-block-uagb-social-share-child uagb-ss-repeater uagb-ss__wrapper uagb-block-70524428\"><a class=\"uagb-ss__link\" data-href=\"https:\/\/api.whatsapp.com\/send?text=\" rel=\"noopener noreferrer\"><span class=\"uagb-ss__source-wrap\"><span class=\"uagb-ss__source-icon\"><svg xmlns=\"http:\/\/www.w3.org\/2000\/svg\" viewBox=\"0 0 448 512\"><path d=\"M380.9 97.1C339 55.1 283.2 32 223.9 32c-122.4 0-222 99.6-222 222 0 39.1 10.2 77.3 29.6 111L0 480l117.7-30.9c32.4 17.7 68.9 27 106.1 27h.1c122.3 0 224.1-99.6 224.1-222 0-59.3-25.2-115-67.1-157zm-157 341.6c-33.2 0-65.7-8.9-94-25.7l-6.7-4-69.8 18.3L72 359.2l-4.4-7c-18.5-29.4-28.2-63.3-28.2-98.2 0-101.7 82.8-184.5 184.6-184.5 49.3 0 95.6 19.2 130.4 54.1 34.8 34.9 56.2 81.2 56.1 130.5 0 101.8-84.9 184.6-186.6 184.6zm101.2-138.2c-5.5-2.8-32.8-16.2-37.9-18-5.1-1.9-8.8-2.8-12.5 2.8-3.7 5.6-14.3 18-17.6 21.8-3.2 3.7-6.5 4.2-12 1.4-32.6-16.3-54-29.1-75.5-66-5.7-9.8 5.7-9.1 16.3-30.3 1.8-3.7.9-6.9-.5-9.7-1.4-2.8-12.5-30.1-17.1-41.2-4.5-10.8-9.1-9.3-12.5-9.5-3.2-.2-6.9-.2-10.6-.2-3.7 0-9.7 1.4-14.8 6.9-5.1 5.6-19.4 19-19.4 46.3 0 27.3 19.9 53.7 22.6 57.4 2.8 3.7 39.1 59.7 94.8 83.8 35.2 15.2 49 16.5 66.6 13.9 10.7-1.6 32.8-13.4 37.4-26.4 4.6-13 4.6-24.1 3.2-26.4-1.3-2.5-5-3.9-10.5-6.6z\"><\/path><\/svg><\/span><\/span><\/a><\/div>\n\n\n\n<div class=\"wp-block-uagb-social-share-child uagb-ss-repeater uagb-ss__wrapper uagb-block-a3e6cbea\"><a class=\"uagb-ss__link\" data-href=\"https:\/\/www.linkedin.com\/shareArticle?url=\" rel=\"noopener noreferrer\"><span class=\"uagb-ss__source-wrap\"><span class=\"uagb-ss__source-icon\"><svg xmlns=\"http:\/\/www.w3.org\/2000\/svg\" viewBox=\"0 0 448 512\"><path d=\"M416 32H31.9C14.3 32 0 46.5 0 64.3v383.4C0 465.5 14.3 480 31.9 480H416c17.6 0 32-14.5 32-32.3V64.3c0-17.8-14.4-32.3-32-32.3zM135.4 416H69V202.2h66.5V416zm-33.2-243c-21.3 0-38.5-17.3-38.5-38.5S80.9 96 102.2 96c21.2 0 38.5 17.3 38.5 38.5 0 21.3-17.2 38.5-38.5 38.5zm282.1 243h-66.4V312c0-24.8-.5-56.7-34.5-56.7-34.6 0-39.9 27-39.9 54.9V416h-66.4V202.2h63.7v29.2h.9c8.9-16.8 30.6-34.5 62.9-34.5 67.2 0 79.7 44.3 79.7 101.9V416z\"><\/path><\/svg><\/span><\/span><\/a><\/div>\n<\/div><\/div>\n<\/div><\/div>\n<\/div><\/section>\n\n\n\n<hr class=\"wp-block-separator has-alpha-channel-opacity\"\/>\n<\/div><\/section>\n\n\n\n<p class=\"has-text-color has-medium-font-size\" style=\"color:#333333\">Os dias, a semana, o m\u00eas, o ano v\u00e3o passando e infelizmente o ser \u2018humaninho\u2019 parece n\u00e3o evoluir, em pleno s\u00e9culo XXI, somos \u201cobrigados\u201d a presenciar cenas e\/ou relatos sobre racismo, muito triste, que evolu\u00e7\u00e3o \u00e9 essa?<\/p>\n\n\n\n<p class=\"has-text-color has-medium-font-size\" style=\"color:#333333\">No dia 23 de mar\u00e7o, uma aluna foi v\u00edtima de um coment\u00e1rio racista em uma escola na Zona Oeste de S\u00e3o Paulo.<\/p>\n\n\n\n<p class=\"has-text-color has-medium-font-size\" style=\"color:#333333\">Uma professora come\u00e7ou a \u201celogiar\u201d de maneira sarc\u00e1stica o cabelo da aluna, segundo relato da aluna, a professora afirmou que seu cabelo solto estaria muito melhor natural, e que ela nunca mais deveria fazer tran\u00e7as porque elas \u201cpareciam sujas\u201d. Que horror isso.<\/p>\n\n\n\n<p class=\"has-text-color has-medium-font-size\" style=\"color:#333333\">A professora se referia as tran\u00e7as de origem africana, que a menina usava anteriormente, e que s\u00e3o s\u00edmbolo de resist\u00eancia e orgulho para pessoas negras. Eu particularmente acho lindo, minha m\u00e3e de 79 anos sempre est\u00e1 fazendo, ela ama. Viva as tran\u00e7as!!!<\/p>\n\n\n\n<div class=\"wp-block-uagb-blockquote uagb-blockquote__outer-wrap uagb-block-813a0dcc\"><div class=\"uagb-blockquote__wrap uagb-blockquote__skin-border uagb-blockquote__stack-img-none\"><blockquote class=\"uagb-blockquote\"><div class=\"uagb-blockquote__content-wrap\"><div class=\"uagb-blockquote__content\">A Secretaria Estadual da Educa\u00e7\u00e3o disse, em nota, que a escola elaborou atividades pedag\u00f3gicas de combate ao racismo. A primeira a\u00e7\u00e3o ocorreu nesta sexta pela manh\u00e3. Gestores e comunidade escolar se reuniram para debater educa\u00e7\u00e3o antirracista.<\/div><footer><div class=\"uagb-blockquote__author-wrap uagb-blockquote__author-at-left\"><\/div><\/footer><\/div><\/blockquote><\/div><\/div>\n\n\n\n<p class=\"has-text-color has-medium-font-size\" style=\"color:#333333\">Andei conversando com algumas pessoas de v\u00e1rios bairros sobre a express\u00e3o \u201cnovo normal\u201d, muitas disseram que o \u201cnovo normal\u201d \u00e9 voltar a fazer oque o ser humano mais gosta de fazer, que \u00e9 se relacionar, abra\u00e7ar ir aos lugares sem nenhum medo e curtir a vida como ela nos foi apresentada.<\/p>\n\n\n<div class=\"wp-block-image\">\n<figure class=\"aligncenter size-full is-resized\"><img loading=\"lazy\" decoding=\"async\" src=\"https:\/\/borabrasil.radio.br\/wp-content\/uploads\/2022\/05\/img-racismo-2.jpg\" alt=\"\" class=\"wp-image-670\" width=\"600\" height=\"338\"\/><figcaption>Foto: Reprodu\u00e7\u00e3o\/TV Globo<\/figcaption><\/figure><\/div>\n\n\n<p class=\"has-text-color has-medium-font-size\" style=\"color:#333333\">Dias depois, um menino de dez anos foi retirado de uma loja pelo seguran\u00e7a por simplesmente ser negro, isso aconteceu no centro comercial de Perdizes, bairro nobre da Zona Oeste de S\u00e3o Paulo. O seguran\u00e7a disse que n\u00e3o \u00e9 permitido pedinte no local, m\u00e3o e filho s\u00f3 queriam comer um brigadeiro. Que falta de respeito.<\/p>\n\n\n\n<p class=\"has-text-color has-medium-font-size\" style=\"color:#333333\">O seguran\u00e7a depois disse que n\u00e3o sabia que o menino estava com ela, a m\u00e3e.<\/p>\n\n\n\n<p class=\"has-text-color has-medium-font-size\" style=\"color:#333333\">Isso n\u00e3o justifica o ato criminoso desse seguran\u00e7a que mostrou n\u00e3o ter nenhum preparo para trabalhar com o p\u00fablico, se a crian\u00e7a fosse branca, ele teria agido da mesma forma? Desculpa, tenho certeza, N\u00c3O! Oxi\u2026 n\u00e3o tenho que pedir desculpa.<\/p>\n\n\n<div class=\"wp-block-image\">\n<figure class=\"aligncenter size-full is-resized\"><img loading=\"lazy\" decoding=\"async\" src=\"https:\/\/borabrasil.radio.br\/wp-content\/uploads\/2022\/05\/img-racismo-3.jpg\" alt=\"\" class=\"wp-image-695\" width=\"600\" height=\"338\"\/><figcaption>Foto: Reprodu\u00e7\u00e3o\/TV Globo<\/figcaption><\/figure><\/div>\n\n\n<p class=\"has-text-color has-medium-font-size\" style=\"color:#333333\">Quanto a tal professora, ela jamais deveria entrar em uma sala de aula, um ser que est\u00e1 ali para ensinar a sua disciplina entre outras coisas, ela deveria ensinar que todos n\u00f3s devemos respeitar um ao outro e que cada ser humano \u00e9 \u00fanico, com esse epis\u00f3dio ela levou nota ZERO e os alunos da escola deram uma li\u00e7\u00e3o de respeito.<\/p>\n\n\n\n<div class=\"wp-block-uagb-blockquote uagb-blockquote__outer-wrap uagb-block-bde89c95\"><div class=\"uagb-blockquote__wrap uagb-blockquote__skin-border uagb-blockquote__stack-img-none\"><blockquote class=\"uagb-blockquote\"><div class=\"uagb-blockquote__content-wrap\"><div class=\"uagb-blockquote__content\">A m\u00e3e, a jornalista Suzana Barelli, denunciou o caso em suas redes sociais. \u201cRacismo \u00e9 crime!!! A interpreta\u00e7\u00e3o deste seguran\u00e7a e de seus chefes \u00e9 que crian\u00e7a negra = pedinte que importuna os clientes e deve ser afastada\u201d, escreveu.<\/div><footer><div class=\"uagb-blockquote__author-wrap uagb-blockquote__author-at-left\"><\/div><\/footer><\/div><\/blockquote><\/div><\/div>\n\n\n\n<p class=\"has-text-color has-medium-font-size\" style=\"color:#333333\">O pior dessas pessoas que cometem crimes de racismo, bate o p\u00e9, roda a baiana e juram de pezinhos juntos que n\u00e3o foi racismo [na mente deles, \u00e9 claro], eles ainda dizem que estamos interpretando errado, sei!<\/p>\n\n\n\n<p class=\"has-text-color has-medium-font-size\" style=\"color:#333333\">N\u00e3o podemos ficar calados, racismo \u00e9 crime<\/p>\n","protected":false},"excerpt":{"rendered":"<p>Racismo Em Pleno S\u00e9culo XXI Os dias, a semana, o m\u00eas, o ano v\u00e3o passando e infelizmente o ser \u2018humaninho\u2019 parece n\u00e3o evoluir, em pleno s\u00e9culo XXI, somos \u201cobrigados\u201d a presenciar cenas e\/ou relatos sobre racismo, muito triste, que evolu\u00e7\u00e3o \u00e9 essa? No dia 23 de mar\u00e7o, uma aluna foi<span class=\"more-link\"><a href=\"https:\/\/borabrasil.radio.br\/?p=659\">Continue Reading<\/a><\/span><\/p>\n","protected":false},"author":4,"featured_media":666,"comment_status":"closed","ping_status":"closed","sticky":false,"template":"ultp_page_template","format":"standard","meta":{"_uag_custom_page_level_css":"","footnotes":""},"categories":[24],"tags":[21],"class_list":["entry","author-wrbb","post-659","post","type-post","status-publish","format-standard","has-post-thumbnail","category-noticia","tag-news"],"uagb_featured_image_src":{"full":["https:\/\/borabrasil.radio.br\/wp-content\/uploads\/2022\/05\/img-racismo-1.jpg",930,552,false],"thumbnail":["https:\/\/borabrasil.radio.br\/wp-content\/uploads\/2022\/05\/img-racismo-1-150x150.jpg",150,150,true],"medium":["https:\/\/borabrasil.radio.br\/wp-content\/uploads\/2022\/05\/img-racismo-1-300x178.jpg",300,178,true],"medium_large":["https:\/\/borabrasil.radio.br\/wp-content\/uploads\/2022\/05\/img-racismo-1-768x456.jpg",768,456,true],"large":["https:\/\/borabrasil.radio.br\/wp-content\/uploads\/2022\/05\/img-racismo-1.jpg",930,552,false],"1536x1536":["https:\/\/borabrasil.radio.br\/wp-content\/uploads\/2022\/05\/img-racismo-1.jpg",930,552,false],"2048x2048":["https:\/\/borabrasil.radio.br\/wp-content\/uploads\/2022\/05\/img-racismo-1.jpg",930,552,false],"ultp_layout_landscape_large":["https:\/\/borabrasil.radio.br\/wp-content\/uploads\/2022\/05\/img-racismo-1.jpg",930,552,false],"ultp_layout_landscape":["https:\/\/borabrasil.radio.br\/wp-content\/uploads\/2022\/05\/img-racismo-1-870x552.jpg",870,552,true],"ultp_layout_portrait":["https:\/\/borabrasil.radio.br\/wp-content\/uploads\/2022\/05\/img-racismo-1-600x552.jpg",600,552,true],"ultp_layout_square":["https:\/\/borabrasil.radio.br\/wp-content\/uploads\/2022\/05\/img-racismo-1-600x552.jpg",600,552,true],"hoot-medium-thumb":["https:\/\/borabrasil.radio.br\/wp-content\/uploads\/2022\/05\/img-racismo-1-460x270.jpg",460,270,true],"hoot-preview":["https:\/\/borabrasil.radio.br\/wp-content\/uploads\/2022\/05\/img-racismo-1-465x276.jpg",465,276,true],"hoot-preview-thumb":["https:\/\/borabrasil.radio.br\/wp-content\/uploads\/2022\/05\/img-racismo-1-465x550.jpg",465,550,true],"hoot-large-thumb":["https:\/\/borabrasil.radio.br\/wp-content\/uploads\/2022\/05\/img-racismo-1-690x550.jpg",690,550,true],"hoot-preview-large":["https:\/\/borabrasil.radio.br\/wp-content\/uploads\/2022\/05\/img-racismo-1-695x413.jpg",695,413,true],"hoot-wide-thumb":["https:\/\/borabrasil.radio.br\/wp-content\/uploads\/2022\/05\/img-racismo-1-920x425.jpg",920,425,true],"hoot-extra-wide-thumb":["https:\/\/borabrasil.radio.br\/wp-content\/uploads\/2022\/05\/img-racismo-1-930x425.jpg",930,425,true]},"uagb_author_info":{"display_name":"Web R\u00e1dio Bora Brasil","author_link":"https:\/\/borabrasil.radio.br\/?author=4"},"uagb_comment_info":0,"uagb_excerpt":"Racismo Em Pleno S\u00e9culo XXI Os dias, a semana, o m\u00eas, o ano v\u00e3o passando e infelizmente o ser \u2018humaninho\u2019 parece n\u00e3o evoluir, em pleno s\u00e9culo XXI, somos \u201cobrigados\u201d a presenciar cenas e\/ou relatos sobre racismo, muito triste, que evolu\u00e7\u00e3o \u00e9 essa? No dia 23 de mar\u00e7o, uma aluna foiContinue Reading","_links":{"self":[{"href":"https:\/\/borabrasil.radio.br\/index.php?rest_route=\/wp\/v2\/posts\/659","targetHints":{"allow":["GET"]}}],"collection":[{"href":"https:\/\/borabrasil.radio.br\/index.php?rest_route=\/wp\/v2\/posts"}],"about":[{"href":"https:\/\/borabrasil.radio.br\/index.php?rest_route=\/wp\/v2\/types\/post"}],"author":[{"embeddable":true,"href":"https:\/\/borabrasil.radio.br\/index.php?rest_route=\/wp\/v2\/users\/4"}],"replies":[{"embeddable":true,"href":"https:\/\/borabrasil.radio.br\/index.php?rest_route=%2Fwp%2Fv2%2Fcomments&post=659"}],"version-history":[{"count":22,"href":"https:\/\/borabrasil.radio.br\/index.php?rest_route=\/wp\/v2\/posts\/659\/revisions"}],"predecessor-version":[{"id":796,"href":"https:\/\/borabrasil.radio.br\/index.php?rest_route=\/wp\/v2\/posts\/659\/revisions\/796"}],"wp:featuredmedia":[{"embeddable":true,"href":"https:\/\/borabrasil.radio.br\/index.php?rest_route=\/wp\/v2\/media\/666"}],"wp:attachment":[{"href":"https:\/\/borabrasil.radio.br\/index.php?rest_route=%2Fwp%2Fv2%2Fmedia&parent=659"}],"wp:term":[{"taxonomy":"category","embeddable":true,"href":"https:\/\/borabrasil.radio.br\/index.php?rest_route=%2Fwp%2Fv2%2Fcategories&post=659"},{"taxonomy":"post_tag","embeddable":true,"href":"https:\/\/borabrasil.radio.br\/index.php?rest_route=%2Fwp%2Fv2%2Ftags&post=659"}],"curies":[{"name":"wp","href":"https:\/\/api.w.org\/{rel}","templated":true}]}}