{"id":764,"date":"2022-05-20T01:31:26","date_gmt":"2022-05-20T01:31:26","guid":{"rendered":"https:\/\/borabrasil.radio.br\/?p=764"},"modified":"2022-05-20T01:44:20","modified_gmt":"2022-05-20T01:44:20","slug":"voz-e-visibilidade","status":"publish","type":"post","link":"https:\/\/borabrasil.radio.br\/?p=764","title":{"rendered":"VOZ E VISIBILIDADE"},"content":{"rendered":"\n<div class=\"wp-block-group alignfull has-background\" style=\"background-color:#333333\"><div class=\"wp-block-group__inner-container is-layout-flow wp-block-group-is-layout-flow\">\n<figure class=\"wp-block-image alignwide size-large\"><img loading=\"lazy\" decoding=\"async\" width=\"1024\" height=\"723\" src=\"https:\/\/borabrasil.radio.br\/wp-content\/uploads\/2022\/05\/escola-1024x723.jpg\" alt=\"\" class=\"wp-image-773\" srcset=\"https:\/\/borabrasil.radio.br\/wp-content\/uploads\/2022\/05\/escola-1024x723.jpg 1024w, https:\/\/borabrasil.radio.br\/wp-content\/uploads\/2022\/05\/escola-300x212.jpg 300w, https:\/\/borabrasil.radio.br\/wp-content\/uploads\/2022\/05\/escola-768x542.jpg 768w, https:\/\/borabrasil.radio.br\/wp-content\/uploads\/2022\/05\/escola-465x328.jpg 465w, https:\/\/borabrasil.radio.br\/wp-content\/uploads\/2022\/05\/escola-695x491.jpg 695w, https:\/\/borabrasil.radio.br\/wp-content\/uploads\/2022\/05\/escola.jpg 1117w\" sizes=\"auto, (max-width: 1024px) 100vw, 1024px\" \/><\/figure>\n\n\n\n<h1 class=\"has-text-align-center has-text-color has-x-large-font-size wp-block-heading\" style=\"color:#ffffff\">VOZ E VISIBILIDADE<\/h1>\n<\/div><\/div>\n\n\n\n<section class=\"wp-block-uagb-section uagb-section__wrap uagb-section__background-undefined uagb-block-da1adde6\"><div class=\"uagb-section__overlay\"><\/div><div class=\"uagb-section__inner-wrap\">\n<section class=\"wp-block-uagb-columns uagb-columns__wrap uagb-columns__background-undefined uagb-columns__stack-mobile uagb-columns__valign-undefined uagb-columns__gap-10 alignundefined uagb-block-fee9e0e0\"><div class=\"uagb-columns__overlay\"><\/div><div class=\"uagb-columns__inner-wrap uagb-columns__columns-3\">\n<div class=\"wp-block-uagb-column uagb-column__wrap uagb-column__background-undefined uagb-block-0b241c2f\"><div class=\"uagb-column__overlay\"><\/div><div class=\"uagb-column__inner-wrap\">\n<p class=\"has-black-color has-text-color\" style=\"font-size:18px\"><strong>Neto Rossi<\/strong><\/p>\n\n\n<div class=\"wp-block-post-date\"><time datetime=\"2022-05-20T01:31:26+00:00\">maio 20, 2022<\/time><\/div><\/div><\/div>\n\n\n\n<div class=\"wp-block-uagb-column uagb-column__wrap uagb-column__background-undefined uagb-block-d0647331\"><div class=\"uagb-column__overlay\"><\/div><div class=\"uagb-column__inner-wrap\"><\/div><\/div>\n\n\n\n<div class=\"wp-block-uagb-column uagb-column__wrap uagb-column__background-undefined uagb-block-e601a8b8\"><div class=\"uagb-column__overlay\"><\/div><div class=\"uagb-column__inner-wrap\">\n<div class=\"wp-block-uagb-social-share uagb-social-share__outer-wrap uagb-social-share__layout-horizontal uagb-block-823d511d\"><div class=\"uagb-social-share__wrap\">\n<div class=\"wp-block-uagb-social-share-child uagb-ss-repeater uagb-ss__wrapper uagb-block-b8bdc2fb\"><a class=\"uagb-ss__link\" data-href=\"https:\/\/www.facebook.com\/sharer.php?u=\" rel=\"noopener noreferrer\"><span class=\"uagb-ss__source-wrap\"><span class=\"uagb-ss__source-icon\"><svg xmlns=\"http:\/\/www.w3.org\/2000\/svg\" viewBox=\"0 0 512 512\"><path d=\"M504 256C504 119 393 8 256 8S8 119 8 256c0 123.78 90.69 226.38 209.25 245V327.69h-63V256h63v-54.64c0-62.15 37-96.48 93.67-96.48 27.14 0 55.52 4.84 55.52 4.84v61h-31.28c-30.8 0-40.41 19.12-40.41 38.73V256h68.78l-11 71.69h-57.78V501C413.31 482.38 504 379.78 504 256z\"><\/path><\/svg><\/span><\/span><\/a><\/div>\n\n\n\n<div class=\"wp-block-uagb-social-share-child uagb-ss-repeater uagb-ss__wrapper uagb-block-9f305197\"><a class=\"uagb-ss__link\" data-href=\"https:\/\/twitter.com\/share?url=\" rel=\"noopener noreferrer\"><span class=\"uagb-ss__source-wrap\"><span class=\"uagb-ss__source-icon\"><svg xmlns=\"http:\/\/www.w3.org\/2000\/svg\" viewBox=\"0 0 448 512\"><path d=\"M400 32H48C21.5 32 0 53.5 0 80v352c0 26.5 21.5 48 48 48h352c26.5 0 48-21.5 48-48V80c0-26.5-21.5-48-48-48zm-48.9 158.8c.2 2.8.2 5.7.2 8.5 0 86.7-66 186.6-186.6 186.6-37.2 0-71.7-10.8-100.7-29.4 5.3.6 10.4.8 15.8.8 30.7 0 58.9-10.4 81.4-28-28.8-.6-53-19.5-61.3-45.5 10.1 1.5 19.2 1.5 29.6-1.2-30-6.1-52.5-32.5-52.5-64.4v-.8c8.7 4.9 18.9 7.9 29.6 8.3a65.447 65.447 0 0 1-29.2-54.6c0-12.2 3.2-23.4 8.9-33.1 32.3 39.8 80.8 65.8 135.2 68.6-9.3-44.5 24-80.6 64-80.6 18.9 0 35.9 7.9 47.9 20.7 14.8-2.8 29-8.3 41.6-15.8-4.9 15.2-15.2 28-28.8 36.1 13.2-1.4 26-5.1 37.8-10.2-8.9 13.1-20.1 24.7-32.9 34z\"><\/path><\/svg><\/span><\/span><\/a><\/div>\n\n\n\n<div class=\"wp-block-uagb-social-share-child uagb-ss-repeater uagb-ss__wrapper uagb-block-7fcf1efa\"><a class=\"uagb-ss__link\" data-href=\"https:\/\/api.whatsapp.com\/send?text=\" rel=\"noopener noreferrer\"><span class=\"uagb-ss__source-wrap\"><span class=\"uagb-ss__source-icon\"><svg xmlns=\"http:\/\/www.w3.org\/2000\/svg\" viewBox=\"0 0 448 512\"><path d=\"M380.9 97.1C339 55.1 283.2 32 223.9 32c-122.4 0-222 99.6-222 222 0 39.1 10.2 77.3 29.6 111L0 480l117.7-30.9c32.4 17.7 68.9 27 106.1 27h.1c122.3 0 224.1-99.6 224.1-222 0-59.3-25.2-115-67.1-157zm-157 341.6c-33.2 0-65.7-8.9-94-25.7l-6.7-4-69.8 18.3L72 359.2l-4.4-7c-18.5-29.4-28.2-63.3-28.2-98.2 0-101.7 82.8-184.5 184.6-184.5 49.3 0 95.6 19.2 130.4 54.1 34.8 34.9 56.2 81.2 56.1 130.5 0 101.8-84.9 184.6-186.6 184.6zm101.2-138.2c-5.5-2.8-32.8-16.2-37.9-18-5.1-1.9-8.8-2.8-12.5 2.8-3.7 5.6-14.3 18-17.6 21.8-3.2 3.7-6.5 4.2-12 1.4-32.6-16.3-54-29.1-75.5-66-5.7-9.8 5.7-9.1 16.3-30.3 1.8-3.7.9-6.9-.5-9.7-1.4-2.8-12.5-30.1-17.1-41.2-4.5-10.8-9.1-9.3-12.5-9.5-3.2-.2-6.9-.2-10.6-.2-3.7 0-9.7 1.4-14.8 6.9-5.1 5.6-19.4 19-19.4 46.3 0 27.3 19.9 53.7 22.6 57.4 2.8 3.7 39.1 59.7 94.8 83.8 35.2 15.2 49 16.5 66.6 13.9 10.7-1.6 32.8-13.4 37.4-26.4 4.6-13 4.6-24.1 3.2-26.4-1.3-2.5-5-3.9-10.5-6.6z\"><\/path><\/svg><\/span><\/span><\/a><\/div>\n\n\n\n<div class=\"wp-block-uagb-social-share-child uagb-ss-repeater uagb-ss__wrapper uagb-block-d86fefef\"><a class=\"uagb-ss__link\" data-href=\"https:\/\/www.linkedin.com\/shareArticle?url=\" rel=\"noopener noreferrer\"><span class=\"uagb-ss__source-wrap\"><span class=\"uagb-ss__source-icon\"><svg xmlns=\"http:\/\/www.w3.org\/2000\/svg\" viewBox=\"0 0 448 512\"><path d=\"M416 32H31.9C14.3 32 0 46.5 0 64.3v383.4C0 465.5 14.3 480 31.9 480H416c17.6 0 32-14.5 32-32.3V64.3c0-17.8-14.4-32.3-32-32.3zM135.4 416H69V202.2h66.5V416zm-33.2-243c-21.3 0-38.5-17.3-38.5-38.5S80.9 96 102.2 96c21.2 0 38.5 17.3 38.5 38.5 0 21.3-17.2 38.5-38.5 38.5zm282.1 243h-66.4V312c0-24.8-.5-56.7-34.5-56.7-34.6 0-39.9 27-39.9 54.9V416h-66.4V202.2h63.7v29.2h.9c8.9-16.8 30.6-34.5 62.9-34.5 67.2 0 79.7 44.3 79.7 101.9V416z\"><\/path><\/svg><\/span><\/span><\/a><\/div>\n<\/div><\/div>\n<\/div><\/div>\n<\/div><\/section>\n\n\n\n<hr class=\"wp-block-separator has-alpha-channel-opacity\"\/>\n<\/div><\/section>\n\n\n\n<p class=\"has-text-color has-medium-font-size\" style=\"color:#333333\">O movimento VOZ E VISIBILIDADE nasceu em 2021, com o objetivo de levar informa\u00e7\u00e3o sobre um assunto que gera pol\u00eamica e muitas d\u00favidas: O DESAPARECIMENTO DE PESSOAS. Voc\u00ea sabia que n\u00e3o \u00e9 necess\u00e1rio aguardar 24 horas para abrir o boletim de ocorr\u00eancia de desaparecimento? Essas e outras informa\u00e7\u00f5es importantes, fazem parte do nosso trabalho.<\/p>\n\n\n\n<p class=\"has-text-color has-medium-font-size\" style=\"color:#333333\">Nossa hist\u00f3ria \u00e9 real e dolorida, Marla Gadelha professora de Educa\u00e7\u00e3o F\u00edsica moradora de Cotia, desapareceu em 13\/09\/2001. E nunca mais foi vista, nenhuma pista foi encontrada. O caso dela foi investigado na \u00e9poca pela policia, com possibilidade de um crime. Foi atrav\u00e9s dessa dor, que sentimos a necessidade de ajudar outras fam\u00edlias que procuram por seus entes queridos. Mas, mais do que divulgar uma foto de um desaparecido, nosso objetivo tamb\u00e9m \u00e9 gerar conte\u00fado informativo para a popula\u00e7\u00e3o como um todo. Acreditamos que a informa\u00e7\u00e3o pode quebrar v\u00e1rias barreiras, e nesse caso, a primeira barreira que enfrentamos \u00e9 a do julgamento, preconceito e a falta de empatia.<\/p>\n\n\n\n<div class=\"wp-block-uagb-blockquote uagb-blockquote__outer-wrap uagb-block-76891365\"><div class=\"uagb-blockquote__wrap uagb-blockquote__skin-border uagb-blockquote__stack-img-none\"><blockquote class=\"uagb-blockquote\"><div class=\"uagb-blockquote__content-wrap\"><div class=\"uagb-blockquote__content\">No Brasil desaparecem 7 pessoas por hora, dentro desta estat\u00edstica observamos 3 tipos de desaparecimentos:<\/div><footer><div class=\"uagb-blockquote__author-wrap uagb-blockquote__author-at-left\"><\/div><\/footer><\/div><\/blockquote><\/div><\/div>\n\n\n\n<ul class=\"has-text-color has-medium-font-size wp-block-list\" style=\"color:#333333\"><li>Volunt\u00e1rios ( quando as pessoas querem se afastar do seu conv\u00edvio por algum motivo)<\/li><li>Involunt\u00e1rio ( depend\u00eancia qu\u00edmica, sa\u00fade mental, Alzheimer)<\/li><li>For\u00e7ado ( Tr\u00e1fico Humano para explora\u00e7\u00e3o sexual e de trabalho, Tr\u00e1fico de \u00f3rg\u00e3os, Ado\u00e7\u00e3o ilegal e crimes)<\/li><\/ul>\n\n\n\n<p class=\"has-text-color has-medium-font-size\" style=\"color:#333333\">Aqui no munic\u00edpio de Cotia, temos o Dia da Voz e Visibilidade as pessoas desaparecidas. Dia 13 de Setembro \u00e9 a data em que anualmente iremos levantar a bandeira para falar sobre todas as a\u00e7\u00f5es necess\u00e1rias que precisam ser faladas e discutidas para que esse numero de desaparecimentos, diminua. Mas n\u00e3o \u00e9 apenas nessa data, \u00e9 diariamente que nossa aten\u00e7\u00e3o deve ser redobrada.<\/p>\n\n\n\n<p class=\"has-text-color has-medium-font-size\" style=\"color:#333333\">Convidamos voc\u00ea para acompanhar nosso conte\u00fado, abrir a sua mente e entender de uma vez por todas que o desaparecimento de pessoas \u00e9 um problema social. E que devemos cobrar mais aten\u00e7\u00e3o de nosso governantes para esta causa. Mas se a popula\u00e7\u00e3o desconhece o assunto, fica distante qualquer tipo de melhoria nas leis j\u00e1 existentes.<\/p>\n\n\n\n<p class=\"has-text-align-center has-text-color has-medium-font-size\" style=\"color:#333333\">Vamos juntos dar voz e visibilidade aos desaparecidos <strong>#vozevisibilidade<\/strong><\/p>\n\n\n\n<p class=\"has-text-align-center has-text-color has-medium-font-size\" style=\"color:#333333\"><strong>Rede Social<\/strong><br><strong>Instagram: <a rel=\"noreferrer noopener\" href=\"http:\/\/instagram.com\/vozevisibilidade\" data-type=\"URL\" data-id=\"instagram.com\/vozevisibilidade\" target=\"_blank\">@vozevisibilidade<\/a>, <a href=\"http:\/\/instagram.com\/marlagadelha\" data-type=\"URL\" data-id=\"instagram.com\/marlagadelha\" target=\"_blank\" rel=\"noreferrer noopener\">@marlagadelha<\/a><br>Facebook: <a href=\"http:\/\/facebook.com\/vozevisibilidade\" data-type=\"URL\" data-id=\"facebook.com\/vozevisibilidade\" target=\"_blank\" rel=\"noreferrer noopener\">@vozevisibilidade<\/a><\/strong><\/p>\n\n\n\n<figure class=\"wp-block-gallery aligncenter has-nested-images columns-default is-cropped wp-block-gallery-1 is-layout-flex wp-block-gallery-is-layout-flex\">\n<figure class=\"wp-block-image size-full\"><img loading=\"lazy\" decoding=\"async\" width=\"864\" height=\"698\" data-id=\"772\" src=\"https:\/\/borabrasil.radio.br\/wp-content\/uploads\/2022\/05\/marla-praia.jpg\" alt=\"\" class=\"wp-image-772\" srcset=\"https:\/\/borabrasil.radio.br\/wp-content\/uploads\/2022\/05\/marla-praia.jpg 864w, https:\/\/borabrasil.radio.br\/wp-content\/uploads\/2022\/05\/marla-praia-300x242.jpg 300w, https:\/\/borabrasil.radio.br\/wp-content\/uploads\/2022\/05\/marla-praia-768x620.jpg 768w, https:\/\/borabrasil.radio.br\/wp-content\/uploads\/2022\/05\/marla-praia-465x376.jpg 465w, https:\/\/borabrasil.radio.br\/wp-content\/uploads\/2022\/05\/marla-praia-619x500.jpg 619w\" sizes=\"auto, (max-width: 864px) 100vw, 864px\" \/><figcaption>Marla Gadelha em S\u00e3o Vicente, Litoral Paulista, um ano antes de desaparecer.<br>Foto: Arquivo pessoal&nbsp;<\/figcaption><\/figure>\n\n\n\n<figure class=\"wp-block-image size-full\"><img loading=\"lazy\" decoding=\"async\" width=\"1117\" height=\"789\" data-id=\"773\" src=\"https:\/\/borabrasil.radio.br\/wp-content\/uploads\/2022\/05\/escola.jpg\" alt=\"\" class=\"wp-image-773\" srcset=\"https:\/\/borabrasil.radio.br\/wp-content\/uploads\/2022\/05\/escola.jpg 1117w, https:\/\/borabrasil.radio.br\/wp-content\/uploads\/2022\/05\/escola-300x212.jpg 300w, https:\/\/borabrasil.radio.br\/wp-content\/uploads\/2022\/05\/escola-1024x723.jpg 1024w, https:\/\/borabrasil.radio.br\/wp-content\/uploads\/2022\/05\/escola-768x542.jpg 768w, https:\/\/borabrasil.radio.br\/wp-content\/uploads\/2022\/05\/escola-465x328.jpg 465w, https:\/\/borabrasil.radio.br\/wp-content\/uploads\/2022\/05\/escola-695x491.jpg 695w\" sizes=\"auto, (max-width: 1117px) 100vw, 1117px\" \/><figcaption>Professora de educa\u00e7\u00e3o f\u00edsica, Marla Gadelha trabalhou em diversas escolas estaduais de Cotia. Foto: Arquivo pessoal \/ Imagem dos anos 1980<\/figcaption><\/figure>\n\n\n\n<figure class=\"wp-block-image size-full\"><img loading=\"lazy\" decoding=\"async\" width=\"1280\" height=\"720\" data-id=\"771\" src=\"https:\/\/borabrasil.radio.br\/wp-content\/uploads\/2022\/05\/cartaz.jpg\" alt=\"\" class=\"wp-image-771\" srcset=\"https:\/\/borabrasil.radio.br\/wp-content\/uploads\/2022\/05\/cartaz.jpg 1280w, https:\/\/borabrasil.radio.br\/wp-content\/uploads\/2022\/05\/cartaz-300x169.jpg 300w, https:\/\/borabrasil.radio.br\/wp-content\/uploads\/2022\/05\/cartaz-1024x576.jpg 1024w, https:\/\/borabrasil.radio.br\/wp-content\/uploads\/2022\/05\/cartaz-768x432.jpg 768w, https:\/\/borabrasil.radio.br\/wp-content\/uploads\/2022\/05\/cartaz-465x262.jpg 465w, https:\/\/borabrasil.radio.br\/wp-content\/uploads\/2022\/05\/cartaz-695x391.jpg 695w\" sizes=\"auto, (max-width: 1280px) 100vw, 1280px\" \/><figcaption>Cartaz que foi espalhado na \u00e9poca para ajudar na busca pela professora<\/figcaption><\/figure>\n\n\n\n<figure class=\"wp-block-image size-full\"><img loading=\"lazy\" decoding=\"async\" width=\"718\" height=\"676\" data-id=\"770\" src=\"https:\/\/borabrasil.radio.br\/wp-content\/uploads\/2022\/05\/3por4.jpg\" alt=\"\" class=\"wp-image-770\" srcset=\"https:\/\/borabrasil.radio.br\/wp-content\/uploads\/2022\/05\/3por4.jpg 718w, https:\/\/borabrasil.radio.br\/wp-content\/uploads\/2022\/05\/3por4-300x282.jpg 300w, https:\/\/borabrasil.radio.br\/wp-content\/uploads\/2022\/05\/3por4-465x438.jpg 465w, https:\/\/borabrasil.radio.br\/wp-content\/uploads\/2022\/05\/3por4-531x500.jpg 531w\" sizes=\"auto, (max-width: 718px) 100vw, 718px\" \/><\/figure>\n\n\n\n<figure class=\"wp-block-image size-full\"><img loading=\"lazy\" decoding=\"async\" width=\"1085\" height=\"741\" data-id=\"769\" src=\"https:\/\/borabrasil.radio.br\/wp-content\/uploads\/2022\/05\/natal.jpg\" alt=\"\" class=\"wp-image-769\" srcset=\"https:\/\/borabrasil.radio.br\/wp-content\/uploads\/2022\/05\/natal.jpg 1085w, https:\/\/borabrasil.radio.br\/wp-content\/uploads\/2022\/05\/natal-300x205.jpg 300w, https:\/\/borabrasil.radio.br\/wp-content\/uploads\/2022\/05\/natal-1024x699.jpg 1024w, https:\/\/borabrasil.radio.br\/wp-content\/uploads\/2022\/05\/natal-768x525.jpg 768w, https:\/\/borabrasil.radio.br\/wp-content\/uploads\/2022\/05\/natal-465x318.jpg 465w, https:\/\/borabrasil.radio.br\/wp-content\/uploads\/2022\/05\/natal-695x475.jpg 695w, https:\/\/borabrasil.radio.br\/wp-content\/uploads\/2022\/05\/natal-320x220.jpg 320w\" sizes=\"auto, (max-width: 1085px) 100vw, 1085px\" \/><figcaption>Marla (de camisa cor-de-rosa) junto com a fam\u00edlia no \u00faltimo Natal antes de seu desaparecimento. Foto: Arquivo pessoal&nbsp;<\/figcaption><\/figure>\n\n\n\n<figure class=\"wp-block-image size-full\"><img loading=\"lazy\" decoding=\"async\" width=\"1032\" height=\"581\" data-id=\"767\" src=\"https:\/\/borabrasil.radio.br\/wp-content\/uploads\/2022\/05\/marido_1.jpg\" alt=\"\" class=\"wp-image-767\" srcset=\"https:\/\/borabrasil.radio.br\/wp-content\/uploads\/2022\/05\/marido_1.jpg 1032w, https:\/\/borabrasil.radio.br\/wp-content\/uploads\/2022\/05\/marido_1-300x169.jpg 300w, https:\/\/borabrasil.radio.br\/wp-content\/uploads\/2022\/05\/marido_1-1024x576.jpg 1024w, https:\/\/borabrasil.radio.br\/wp-content\/uploads\/2022\/05\/marido_1-768x432.jpg 768w, https:\/\/borabrasil.radio.br\/wp-content\/uploads\/2022\/05\/marido_1-465x262.jpg 465w, https:\/\/borabrasil.radio.br\/wp-content\/uploads\/2022\/05\/marido_1-695x391.jpg 695w\" sizes=\"auto, (max-width: 1032px) 100vw, 1032px\" \/><figcaption>Marla com seu marido, Alexandre Lages. Foto: Arquivo pessoal&nbsp;<\/figcaption><\/figure>\n\n\n\n<figure class=\"wp-block-image size-full\"><img loading=\"lazy\" decoding=\"async\" width=\"719\" height=\"1053\" data-id=\"768\" src=\"https:\/\/borabrasil.radio.br\/wp-content\/uploads\/2022\/05\/rf-1.jpg\" alt=\"\" class=\"wp-image-768\" srcset=\"https:\/\/borabrasil.radio.br\/wp-content\/uploads\/2022\/05\/rf-1.jpg 719w, https:\/\/borabrasil.radio.br\/wp-content\/uploads\/2022\/05\/rf-1-205x300.jpg 205w, https:\/\/borabrasil.radio.br\/wp-content\/uploads\/2022\/05\/rf-1-699x1024.jpg 699w, https:\/\/borabrasil.radio.br\/wp-content\/uploads\/2022\/05\/rf-1-376x550.jpg 376w, https:\/\/borabrasil.radio.br\/wp-content\/uploads\/2022\/05\/rf-1-341x500.jpg 341w\" sizes=\"auto, (max-width: 719px) 100vw, 719px\" \/><figcaption>Retrato falado feito na \u00e9poca<\/figcaption><\/figure>\n\n\n\n<figure class=\"wp-block-image size-full\"><img loading=\"lazy\" decoding=\"async\" width=\"720\" height=\"1015\" data-id=\"766\" src=\"https:\/\/borabrasil.radio.br\/wp-content\/uploads\/2022\/05\/570a0c02-bfb3-49e9-af58-533e89b4d41f.jpg\" alt=\"\" class=\"wp-image-766\" srcset=\"https:\/\/borabrasil.radio.br\/wp-content\/uploads\/2022\/05\/570a0c02-bfb3-49e9-af58-533e89b4d41f.jpg 720w, https:\/\/borabrasil.radio.br\/wp-content\/uploads\/2022\/05\/570a0c02-bfb3-49e9-af58-533e89b4d41f-213x300.jpg 213w, https:\/\/borabrasil.radio.br\/wp-content\/uploads\/2022\/05\/570a0c02-bfb3-49e9-af58-533e89b4d41f-390x550.jpg 390w, https:\/\/borabrasil.radio.br\/wp-content\/uploads\/2022\/05\/570a0c02-bfb3-49e9-af58-533e89b4d41f-355x500.jpg 355w\" sizes=\"auto, (max-width: 720px) 100vw, 720px\" \/><figcaption>Foto da progress\u00e3o: Divulga\u00e7\u00e3o \/ DHPP<\/figcaption><\/figure>\n\n\n\n<figure class=\"wp-block-image size-full\"><img loading=\"lazy\" decoding=\"async\" width=\"653\" height=\"607\" data-id=\"765\" src=\"https:\/\/borabrasil.radio.br\/wp-content\/uploads\/2022\/05\/ivanise.jpg\" alt=\"\" class=\"wp-image-765\" srcset=\"https:\/\/borabrasil.radio.br\/wp-content\/uploads\/2022\/05\/ivanise.jpg 653w, https:\/\/borabrasil.radio.br\/wp-content\/uploads\/2022\/05\/ivanise-300x279.jpg 300w, https:\/\/borabrasil.radio.br\/wp-content\/uploads\/2022\/05\/ivanise-465x432.jpg 465w, https:\/\/borabrasil.radio.br\/wp-content\/uploads\/2022\/05\/ivanise-538x500.jpg 538w\" sizes=\"auto, (max-width: 653px) 100vw, 653px\" \/><figcaption>Ivanise Esperidi\u00e3o, fundadora do movimento M\u00e3es da S\u00e9. Foto: Reprodu\u00e7\u00e3o \/ M\u00e3es da S\u00e9&nbsp;<\/figcaption><\/figure>\n<\/figure>\n","protected":false},"excerpt":{"rendered":"<p>VOZ E VISIBILIDADE O movimento VOZ E VISIBILIDADE nasceu em 2021, com o objetivo de levar informa\u00e7\u00e3o sobre um assunto que gera pol\u00eamica e muitas d\u00favidas: O DESAPARECIMENTO DE PESSOAS. Voc\u00ea sabia que n\u00e3o \u00e9 necess\u00e1rio aguardar 24 horas para abrir o boletim de ocorr\u00eancia de desaparecimento? Essas e outras<span class=\"more-link\"><a href=\"https:\/\/borabrasil.radio.br\/?p=764\">Continue Reading<\/a><\/span><\/p>\n","protected":false},"author":4,"featured_media":773,"comment_status":"closed","ping_status":"closed","sticky":false,"template":"ultp_page_template","format":"standard","meta":{"_uag_custom_page_level_css":"","footnotes":""},"categories":[25],"tags":[],"class_list":["entry","author-wrbb","post-764","post","type-post","status-publish","format-standard","has-post-thumbnail","category-voz-e-visibilidade"],"uagb_featured_image_src":{"full":["https:\/\/borabrasil.radio.br\/wp-content\/uploads\/2022\/05\/escola.jpg",1117,789,false],"thumbnail":["https:\/\/borabrasil.radio.br\/wp-content\/uploads\/2022\/05\/escola-150x150.jpg",150,150,true],"medium":["https:\/\/borabrasil.radio.br\/wp-content\/uploads\/2022\/05\/escola-300x212.jpg",300,212,true],"medium_large":["https:\/\/borabrasil.radio.br\/wp-content\/uploads\/2022\/05\/escola-768x542.jpg",768,542,true],"large":["https:\/\/borabrasil.radio.br\/wp-content\/uploads\/2022\/05\/escola-1024x723.jpg",1024,723,true],"1536x1536":["https:\/\/borabrasil.radio.br\/wp-content\/uploads\/2022\/05\/escola.jpg",1117,789,false],"2048x2048":["https:\/\/borabrasil.radio.br\/wp-content\/uploads\/2022\/05\/escola.jpg",1117,789,false],"ultp_layout_landscape_large":["https:\/\/borabrasil.radio.br\/wp-content\/uploads\/2022\/05\/escola.jpg",1117,789,false],"ultp_layout_landscape":["https:\/\/borabrasil.radio.br\/wp-content\/uploads\/2022\/05\/escola-870x570.jpg",870,570,true],"ultp_layout_portrait":["https:\/\/borabrasil.radio.br\/wp-content\/uploads\/2022\/05\/escola-600x789.jpg",600,789,true],"ultp_layout_square":["https:\/\/borabrasil.radio.br\/wp-content\/uploads\/2022\/05\/escola-600x600.jpg",600,600,true],"hoot-medium-thumb":["https:\/\/borabrasil.radio.br\/wp-content\/uploads\/2022\/05\/escola-460x270.jpg",460,270,true],"hoot-preview":["https:\/\/borabrasil.radio.br\/wp-content\/uploads\/2022\/05\/escola-465x328.jpg",465,328,true],"hoot-preview-thumb":["https:\/\/borabrasil.radio.br\/wp-content\/uploads\/2022\/05\/escola-465x550.jpg",465,550,true],"hoot-large-thumb":["https:\/\/borabrasil.radio.br\/wp-content\/uploads\/2022\/05\/escola-690x550.jpg",690,550,true],"hoot-preview-large":["https:\/\/borabrasil.radio.br\/wp-content\/uploads\/2022\/05\/escola-695x491.jpg",695,491,true],"hoot-wide-thumb":["https:\/\/borabrasil.radio.br\/wp-content\/uploads\/2022\/05\/escola-920x425.jpg",920,425,true],"hoot-extra-wide-thumb":["https:\/\/borabrasil.radio.br\/wp-content\/uploads\/2022\/05\/escola-1035x425.jpg",1035,425,true]},"uagb_author_info":{"display_name":"Web R\u00e1dio Bora Brasil","author_link":"https:\/\/borabrasil.radio.br\/?author=4"},"uagb_comment_info":0,"uagb_excerpt":"VOZ E VISIBILIDADE O movimento VOZ E VISIBILIDADE nasceu em 2021, com o objetivo de levar informa\u00e7\u00e3o sobre um assunto que gera pol\u00eamica e muitas d\u00favidas: O DESAPARECIMENTO DE PESSOAS. Voc\u00ea sabia que n\u00e3o \u00e9 necess\u00e1rio aguardar 24 horas para abrir o boletim de ocorr\u00eancia de desaparecimento? Essas e outrasContinue Reading","_links":{"self":[{"href":"https:\/\/borabrasil.radio.br\/index.php?rest_route=\/wp\/v2\/posts\/764","targetHints":{"allow":["GET"]}}],"collection":[{"href":"https:\/\/borabrasil.radio.br\/index.php?rest_route=\/wp\/v2\/posts"}],"about":[{"href":"https:\/\/borabrasil.radio.br\/index.php?rest_route=\/wp\/v2\/types\/post"}],"author":[{"embeddable":true,"href":"https:\/\/borabrasil.radio.br\/index.php?rest_route=\/wp\/v2\/users\/4"}],"replies":[{"embeddable":true,"href":"https:\/\/borabrasil.radio.br\/index.php?rest_route=%2Fwp%2Fv2%2Fcomments&post=764"}],"version-history":[{"count":16,"href":"https:\/\/borabrasil.radio.br\/index.php?rest_route=\/wp\/v2\/posts\/764\/revisions"}],"predecessor-version":[{"id":798,"href":"https:\/\/borabrasil.radio.br\/index.php?rest_route=\/wp\/v2\/posts\/764\/revisions\/798"}],"wp:featuredmedia":[{"embeddable":true,"href":"https:\/\/borabrasil.radio.br\/index.php?rest_route=\/wp\/v2\/media\/773"}],"wp:attachment":[{"href":"https:\/\/borabrasil.radio.br\/index.php?rest_route=%2Fwp%2Fv2%2Fmedia&parent=764"}],"wp:term":[{"taxonomy":"category","embeddable":true,"href":"https:\/\/borabrasil.radio.br\/index.php?rest_route=%2Fwp%2Fv2%2Fcategories&post=764"},{"taxonomy":"post_tag","embeddable":true,"href":"https:\/\/borabrasil.radio.br\/index.php?rest_route=%2Fwp%2Fv2%2Ftags&post=764"}],"curies":[{"name":"wp","href":"https:\/\/api.w.org\/{rel}","templated":true}]}}