{"id":806,"date":"2022-11-04T01:01:00","date_gmt":"2022-11-04T01:01:00","guid":{"rendered":"https:\/\/borabrasil.radio.br\/?p=806"},"modified":"2022-11-10T15:42:04","modified_gmt":"2022-11-10T15:42:04","slug":"a-web-radio-bora-brasil-estreara-nesta-segunda-feira-o-podcast-bora-prosear","status":"publish","type":"post","link":"https:\/\/borabrasil.radio.br\/?p=806","title":{"rendered":"A WEB R\u00c1DIO BORA BRASIL ESTREAR\u00c1 NESTA SEGUNDA-FEIRA O PODCAST BORA PROSEAR"},"content":{"rendered":"\n<div class=\"wp-block-group alignfull has-background\" style=\"background-color:#333333\"><div class=\"wp-block-group__inner-container is-layout-flow wp-block-group-is-layout-flow\">\n<figure class=\"wp-block-image alignwide size-large\"><img loading=\"lazy\" decoding=\"async\" width=\"1024\" height=\"640\" src=\"https:\/\/borabrasil.radio.br\/wp-content\/uploads\/2022\/11\/a-radio-1024x640.jpg\" alt=\"\" class=\"wp-image-857\" srcset=\"https:\/\/borabrasil.radio.br\/wp-content\/uploads\/2022\/11\/a-radio-1024x640.jpg 1024w, https:\/\/borabrasil.radio.br\/wp-content\/uploads\/2022\/11\/a-radio-300x188.jpg 300w, https:\/\/borabrasil.radio.br\/wp-content\/uploads\/2022\/11\/a-radio-768x480.jpg 768w, https:\/\/borabrasil.radio.br\/wp-content\/uploads\/2022\/11\/a-radio-465x291.jpg 465w, https:\/\/borabrasil.radio.br\/wp-content\/uploads\/2022\/11\/a-radio-695x434.jpg 695w, https:\/\/borabrasil.radio.br\/wp-content\/uploads\/2022\/11\/a-radio.jpg 1280w\" sizes=\"auto, (max-width: 1024px) 100vw, 1024px\" \/><\/figure>\n\n\n\n<h1 class=\"has-text-align-center has-text-color has-x-large-font-size wp-block-heading\" style=\"color:#ffffff\">A WEB R\u00c1DIO BORA BRASIL ESTREAR\u00c1 NESTA SEGUNDA-FEIRA O PODCAST BORA PROSEAR<\/h1>\n<\/div><\/div>\n\n\n\n<section class=\"wp-block-uagb-section uagb-section__wrap uagb-section__background-undefined uagb-block-57c6c386\"><div class=\"uagb-section__overlay\"><\/div><div class=\"uagb-section__inner-wrap\">\n<section class=\"wp-block-uagb-columns uagb-columns__wrap uagb-columns__background-none uagb-columns__stack-mobile uagb-columns__valign- uagb-columns__gap-10 align uagb-block-b821ebb1 uagb-columns__columns-3 uagb-columns__max_width-theme\"><div class=\"uagb-columns__overlay\"><\/div><div class=\"uagb-columns__inner-wrap uagb-columns__columns-3\">\n<div class=\"wp-block-uagb-column uagb-column__wrap uagb-column__background-undefined uagb-block-351a1bd2\"><div class=\"uagb-column__overlay\"><\/div>\n<p><strong>Web R\u00e1dio<\/strong><\/p>\n\n\n<div class=\"wp-block-post-date\"><time datetime=\"2022-11-04T01:01:00+00:00\">novembro 4, 2022<\/time><\/div><\/div>\n\n\n\n<div class=\"wp-block-uagb-column uagb-column__wrap uagb-column__background-undefined uagb-block-3b8a2ef5\"><div class=\"uagb-column__overlay\"><\/div><\/div>\n\n\n\n<div class=\"wp-block-uagb-column uagb-column__wrap uagb-column__background-undefined uagb-block-962227e3\"><div class=\"uagb-column__overlay\"><\/div>\n<div class=\"wp-block-uagb-social-share uagb-social-share__outer-wrap uagb-social-share__layout-horizontal uagb-block-d405a4f7\">\n<div class=\"wp-block-uagb-social-share-child uagb-ss-repeater uagb-ss__wrapper uagb-block-cf97a519\"><a class=\"uagb-ss__link\" data-href=\"https:\/\/www.facebook.com\/sharer.php?u=\" rel=\"noopener noreferrer\"><span class=\"uagb-ss__source-wrap\"><span class=\"uagb-ss__source-icon\"><svg xmlns=\"https:\/\/www.w3.org\/2000\/svg\" viewBox=\"0 0 512 512\"><path d=\"M504 256C504 119 393 8 256 8S8 119 8 256c0 123.8 90.69 226.4 209.3 245V327.7h-63V256h63v-54.64c0-62.15 37-96.48 93.67-96.48 27.14 0 55.52 4.84 55.52 4.84v61h-31.28c-30.8 0-40.41 19.12-40.41 38.73V256h68.78l-11 71.69h-57.78V501C413.3 482.4 504 379.8 504 256z\"><\/path><\/svg><\/span><\/span><\/a><\/div>\n\n\n\n<div class=\"wp-block-uagb-social-share-child uagb-ss-repeater uagb-ss__wrapper uagb-block-855f9c1a\"><a class=\"uagb-ss__link\" data-href=\"https:\/\/twitter.com\/share?url=\" rel=\"noopener noreferrer\"><span class=\"uagb-ss__source-wrap\"><span class=\"uagb-ss__source-icon\"><svg xmlns=\"https:\/\/www.w3.org\/2000\/svg\" viewBox=\"0 0 448 512\"><path d=\"M400 32H48C21.5 32 0 53.5 0 80v352c0 26.5 21.5 48 48 48h352c26.5 0 48-21.5 48-48V80c0-26.5-21.5-48-48-48zm-48.9 158.8c.2 2.8 .2 5.7 .2 8.5 0 86.7-66 186.6-186.6 186.6-37.2 0-71.7-10.8-100.7-29.4 5.3 .6 10.4 .8 15.8 .8 30.7 0 58.9-10.4 81.4-28-28.8-.6-53-19.5-61.3-45.5 10.1 1.5 19.2 1.5 29.6-1.2-30-6.1-52.5-32.5-52.5-64.4v-.8c8.7 4.9 18.9 7.9 29.6 8.3a65.45 65.45 0 0 1 -29.2-54.6c0-12.2 3.2-23.4 8.9-33.1 32.3 39.8 80.8 65.8 135.2 68.6-9.3-44.5 24-80.6 64-80.6 18.9 0 35.9 7.9 47.9 20.7 14.8-2.8 29-8.3 41.6-15.8-4.9 15.2-15.2 28-28.8 36.1 13.2-1.4 26-5.1 37.8-10.2-8.9 13.1-20.1 24.7-32.9 34z\"><\/path><\/svg><\/span><\/span><\/a><\/div>\n\n\n\n<div class=\"wp-block-uagb-social-share-child uagb-ss-repeater uagb-ss__wrapper uagb-block-518f772e\"><a class=\"uagb-ss__link\" data-href=\"https:\/\/api.whatsapp.com\/send?text=\" rel=\"noopener noreferrer\"><span class=\"uagb-ss__source-wrap\"><span class=\"uagb-ss__source-icon\"><svg xmlns=\"https:\/\/www.w3.org\/2000\/svg\" viewBox=\"0 0 448 512\"><path d=\"M380.9 97.1C339 55.1 283.2 32 223.9 32c-122.4 0-222 99.6-222 222 0 39.1 10.2 77.3 29.6 111L0 480l117.7-30.9c32.4 17.7 68.9 27 106.1 27h.1c122.3 0 224.1-99.6 224.1-222 0-59.3-25.2-115-67.1-157zm-157 341.6c-33.2 0-65.7-8.9-94-25.7l-6.7-4-69.8 18.3L72 359.2l-4.4-7c-18.5-29.4-28.2-63.3-28.2-98.2 0-101.7 82.8-184.5 184.6-184.5 49.3 0 95.6 19.2 130.4 54.1 34.8 34.9 56.2 81.2 56.1 130.5 0 101.8-84.9 184.6-186.6 184.6zm101.2-138.2c-5.5-2.8-32.8-16.2-37.9-18-5.1-1.9-8.8-2.8-12.5 2.8-3.7 5.6-14.3 18-17.6 21.8-3.2 3.7-6.5 4.2-12 1.4-32.6-16.3-54-29.1-75.5-66-5.7-9.8 5.7-9.1 16.3-30.3 1.8-3.7 .9-6.9-.5-9.7-1.4-2.8-12.5-30.1-17.1-41.2-4.5-10.8-9.1-9.3-12.5-9.5-3.2-.2-6.9-.2-10.6-.2-3.7 0-9.7 1.4-14.8 6.9-5.1 5.6-19.4 19-19.4 46.3 0 27.3 19.9 53.7 22.6 57.4 2.8 3.7 39.1 59.7 94.8 83.8 35.2 15.2 49 16.5 66.6 13.9 10.7-1.6 32.8-13.4 37.4-26.4 4.6-13 4.6-24.1 3.2-26.4-1.3-2.5-5-3.9-10.5-6.6z\"><\/path><\/svg><\/span><\/span><\/a><\/div>\n\n\n\n<div class=\"wp-block-uagb-social-share-child uagb-ss-repeater uagb-ss__wrapper uagb-block-3f1bf3fc\"><a class=\"uagb-ss__link\" data-href=\"https:\/\/www.linkedin.com\/shareArticle?url=\" rel=\"noopener noreferrer\"><span class=\"uagb-ss__source-wrap\"><span class=\"uagb-ss__source-icon\"><svg xmlns=\"https:\/\/www.w3.org\/2000\/svg\" viewBox=\"0 0 448 512\"><path d=\"M416 32H31.9C14.3 32 0 46.5 0 64.3v383.4C0 465.5 14.3 480 31.9 480H416c17.6 0 32-14.5 32-32.3V64.3c0-17.8-14.4-32.3-32-32.3zM135.4 416H69V202.2h66.5V416zm-33.2-243c-21.3 0-38.5-17.3-38.5-38.5S80.9 96 102.2 96c21.2 0 38.5 17.3 38.5 38.5 0 21.3-17.2 38.5-38.5 38.5zm282.1 243h-66.4V312c0-24.8-.5-56.7-34.5-56.7-34.6 0-39.9 27-39.9 54.9V416h-66.4V202.2h63.7v29.2h.9c8.9-16.8 30.6-34.5 62.9-34.5 67.2 0 79.7 44.3 79.7 101.9V416z\"><\/path><\/svg><\/span><\/span><\/a><\/div>\n<\/div>\n<\/div>\n<\/div><\/section>\n\n\n\n<hr class=\"wp-block-separator has-alpha-channel-opacity\"\/>\n<\/div><\/section>\n\n\n\n<p><\/p>\n\n\n\n<p class=\"has-text-color has-medium-font-size\" style=\"color:#333333\">\u00c9 nesta segunda-feira a partir das 20h30 teremos a estreia do podcast <em>Bora Prosear<\/em>, com <strong>Georgia Aquino<\/strong> e <strong>Wagner Neves<\/strong>, jornalistas deste bate papo.<\/p>\n\n\n\n<div class=\"wp-block-uagb-blockquote uagb-block-a171afdd uagb-blockquote__skin-border uagb-blockquote__stack-img-none\"><blockquote class=\"uagb-blockquote\"><div class=\"uagb-blockquote__content\">Voc\u00ea poder\u00e1 assistir o podcast pelo <strong><a href=\"https:\/\/www.youtube.com\/channel\/UCyTT5V6Bl9iezSlp1jPE2GA\" target=\"_blank\" rel=\"noreferrer noopener\">Youtube<\/a> <\/strong>ou no <strong><a href=\"https:\/\/www.facebook.com\/radioborabrasiloficial\/\" target=\"_blank\" rel=\"noreferrer noopener\">Facebook<\/a><\/strong> e estar\u00e1 dispon\u00edvel em nosso site <a href=\"borabrahttps:\/\/borabrasil.radio.br\/sil.radio.br\"><strong>borabrasil.radio.br<\/strong><\/a><\/div><footer><div class=\"uagb-blockquote__author-wrap uagb-blockquote__author-at-left\"><\/div><\/footer><\/blockquote><\/div>\n\n\n\n<p class=\"has-text-color has-medium-font-size\" style=\"color:#333333\">A prosa vai rolar solta e voc\u00ea n\u00e3o pode perder!<\/p>\n\n\n\n<p class=\"has-black-color has-text-color has-medium-font-size\">Bora colocar o lembrete na geladeira, no celular e aguardar para curtir com a gente!<\/p>\n\n\n\n<p class=\"has-black-color has-text-color has-medium-font-size\">O Prof. Jos\u00e9 Maria \u00e9 o nosso primeiro convidado para uma prosa sobre Rala\u00e7\u00f5es Internacionais e Ci\u00eancia politica<\/p>\n\n\n\n<p class=\"has-black-color has-text-color has-medium-font-size\">Voc\u00ea sabe o que faz um profissional de Rela\u00e7\u00f5es Internacionais?<\/p>\n\n\n\n<figure class=\"wp-block-video\"><video controls poster=\"https:\/\/borabrasil.radio.br\/wp-content\/uploads\/2022\/11\/Captura-de-tela-de-2022-11-04-22-34-18.jpg\" preload=\"auto\" src=\"https:\/\/borabrasil.radio.br\/wp-content\/uploads\/2022\/11\/video-intro.mp4\"><\/video><\/figure>\n\n\n\n<p><\/p>\n","protected":false},"excerpt":{"rendered":"<p>A WEB R\u00c1DIO BORA BRASIL ESTREAR\u00c1 NESTA SEGUNDA-FEIRA O PODCAST BORA PROSEAR \u00c9 nesta segunda-feira a partir das 20h30 teremos a estreia do podcast Bora Prosear, com Georgia Aquino e Wagner Neves, jornalistas deste bate papo. A prosa vai rolar solta e voc\u00ea n\u00e3o pode perder! Bora colocar o lembrete<span class=\"more-link\"><a href=\"https:\/\/borabrasil.radio.br\/?p=806\">Continue Reading<\/a><\/span><\/p>\n","protected":false},"author":4,"featured_media":857,"comment_status":"closed","ping_status":"closed","sticky":false,"template":"ultp_page_template","format":"standard","meta":{"_uag_custom_page_level_css":"","footnotes":""},"categories":[26],"tags":[],"class_list":["entry","author-wrbb","post-806","post","type-post","status-publish","format-standard","has-post-thumbnail","category-podcast"],"uagb_featured_image_src":{"full":["https:\/\/borabrasil.radio.br\/wp-content\/uploads\/2022\/11\/a-radio.jpg",1280,800,false],"thumbnail":["https:\/\/borabrasil.radio.br\/wp-content\/uploads\/2022\/11\/a-radio-150x150.jpg",150,150,true],"medium":["https:\/\/borabrasil.radio.br\/wp-content\/uploads\/2022\/11\/a-radio-300x188.jpg",300,188,true],"medium_large":["https:\/\/borabrasil.radio.br\/wp-content\/uploads\/2022\/11\/a-radio-768x480.jpg",768,480,true],"large":["https:\/\/borabrasil.radio.br\/wp-content\/uploads\/2022\/11\/a-radio-1024x640.jpg",1024,640,true],"1536x1536":["https:\/\/borabrasil.radio.br\/wp-content\/uploads\/2022\/11\/a-radio.jpg",1280,800,false],"2048x2048":["https:\/\/borabrasil.radio.br\/wp-content\/uploads\/2022\/11\/a-radio.jpg",1280,800,false],"ultp_layout_landscape_large":["https:\/\/borabrasil.radio.br\/wp-content\/uploads\/2022\/11\/a-radio-1200x800.jpg",1200,800,true],"ultp_layout_landscape":["https:\/\/borabrasil.radio.br\/wp-content\/uploads\/2022\/11\/a-radio-870x570.jpg",870,570,true],"ultp_layout_portrait":["https:\/\/borabrasil.radio.br\/wp-content\/uploads\/2022\/11\/a-radio-600x800.jpg",600,800,true],"ultp_layout_square":["https:\/\/borabrasil.radio.br\/wp-content\/uploads\/2022\/11\/a-radio-600x600.jpg",600,600,true],"hoot-medium-thumb":["https:\/\/borabrasil.radio.br\/wp-content\/uploads\/2022\/11\/a-radio-460x270.jpg",460,270,true],"hoot-preview":["https:\/\/borabrasil.radio.br\/wp-content\/uploads\/2022\/11\/a-radio-465x291.jpg",465,291,true],"hoot-preview-thumb":["https:\/\/borabrasil.radio.br\/wp-content\/uploads\/2022\/11\/a-radio-465x550.jpg",465,550,true],"hoot-large-thumb":["https:\/\/borabrasil.radio.br\/wp-content\/uploads\/2022\/11\/a-radio-690x550.jpg",690,550,true],"hoot-preview-large":["https:\/\/borabrasil.radio.br\/wp-content\/uploads\/2022\/11\/a-radio-695x434.jpg",695,434,true],"hoot-wide-thumb":["https:\/\/borabrasil.radio.br\/wp-content\/uploads\/2022\/11\/a-radio-920x425.jpg",920,425,true],"hoot-extra-wide-thumb":["https:\/\/borabrasil.radio.br\/wp-content\/uploads\/2022\/11\/a-radio-1035x425.jpg",1035,425,true]},"uagb_author_info":{"display_name":"Web R\u00e1dio Bora Brasil","author_link":"https:\/\/borabrasil.radio.br\/?author=4"},"uagb_comment_info":0,"uagb_excerpt":"A WEB R\u00c1DIO BORA BRASIL ESTREAR\u00c1 NESTA SEGUNDA-FEIRA O PODCAST BORA PROSEAR \u00c9 nesta segunda-feira a partir das 20h30 teremos a estreia do podcast Bora Prosear, com Georgia Aquino e Wagner Neves, jornalistas deste bate papo. A prosa vai rolar solta e voc\u00ea n\u00e3o pode perder! Bora colocar o lembreteContinue Reading","_links":{"self":[{"href":"https:\/\/borabrasil.radio.br\/index.php?rest_route=\/wp\/v2\/posts\/806","targetHints":{"allow":["GET"]}}],"collection":[{"href":"https:\/\/borabrasil.radio.br\/index.php?rest_route=\/wp\/v2\/posts"}],"about":[{"href":"https:\/\/borabrasil.radio.br\/index.php?rest_route=\/wp\/v2\/types\/post"}],"author":[{"embeddable":true,"href":"https:\/\/borabrasil.radio.br\/index.php?rest_route=\/wp\/v2\/users\/4"}],"replies":[{"embeddable":true,"href":"https:\/\/borabrasil.radio.br\/index.php?rest_route=%2Fwp%2Fv2%2Fcomments&post=806"}],"version-history":[{"count":9,"href":"https:\/\/borabrasil.radio.br\/index.php?rest_route=\/wp\/v2\/posts\/806\/revisions"}],"predecessor-version":[{"id":877,"href":"https:\/\/borabrasil.radio.br\/index.php?rest_route=\/wp\/v2\/posts\/806\/revisions\/877"}],"wp:featuredmedia":[{"embeddable":true,"href":"https:\/\/borabrasil.radio.br\/index.php?rest_route=\/wp\/v2\/media\/857"}],"wp:attachment":[{"href":"https:\/\/borabrasil.radio.br\/index.php?rest_route=%2Fwp%2Fv2%2Fmedia&parent=806"}],"wp:term":[{"taxonomy":"category","embeddable":true,"href":"https:\/\/borabrasil.radio.br\/index.php?rest_route=%2Fwp%2Fv2%2Fcategories&post=806"},{"taxonomy":"post_tag","embeddable":true,"href":"https:\/\/borabrasil.radio.br\/index.php?rest_route=%2Fwp%2Fv2%2Ftags&post=806"}],"curies":[{"name":"wp","href":"https:\/\/api.w.org\/{rel}","templated":true}]}}