{"id":884,"date":"2022-11-07T15:32:00","date_gmt":"2022-11-07T15:32:00","guid":{"rendered":"https:\/\/borabrasil.radio.br\/?p=884"},"modified":"2025-07-02T21:53:35","modified_gmt":"2025-07-02T21:53:35","slug":"parque-cemucam-tem-viradas-esportiva-e-sustentavel","status":"publish","type":"post","link":"https:\/\/borabrasil.radio.br\/?p=884","title":{"rendered":"PARQUE CEMUCAM TEM VIRADAS ESPORTIVA E SUSTENTAVEL"},"content":{"rendered":"\n<div class=\"wp-block-group alignfull has-background\" style=\"background-color:#333333\"><div class=\"wp-block-group__inner-container is-layout-flow wp-block-group-is-layout-flow\">\n<figure class=\"wp-block-image alignwide size-large\"><img loading=\"lazy\" decoding=\"async\" width=\"1024\" height=\"707\" src=\"https:\/\/borabrasil.radio.br\/wp-content\/uploads\/2022\/11\/c4478dc3-622b-46ea-a4a5-53e34b2f2a24-1024x707.jpeg\" alt=\"\" class=\"wp-image-905\" srcset=\"https:\/\/borabrasil.radio.br\/wp-content\/uploads\/2022\/11\/c4478dc3-622b-46ea-a4a5-53e34b2f2a24-1024x707.jpeg 1024w, https:\/\/borabrasil.radio.br\/wp-content\/uploads\/2022\/11\/c4478dc3-622b-46ea-a4a5-53e34b2f2a24-300x207.jpeg 300w, https:\/\/borabrasil.radio.br\/wp-content\/uploads\/2022\/11\/c4478dc3-622b-46ea-a4a5-53e34b2f2a24-768x530.jpeg 768w, https:\/\/borabrasil.radio.br\/wp-content\/uploads\/2022\/11\/c4478dc3-622b-46ea-a4a5-53e34b2f2a24-465x321.jpeg 465w, https:\/\/borabrasil.radio.br\/wp-content\/uploads\/2022\/11\/c4478dc3-622b-46ea-a4a5-53e34b2f2a24-695x480.jpeg 695w, https:\/\/borabrasil.radio.br\/wp-content\/uploads\/2022\/11\/c4478dc3-622b-46ea-a4a5-53e34b2f2a24-320x220.jpeg 320w, https:\/\/borabrasil.radio.br\/wp-content\/uploads\/2022\/11\/c4478dc3-622b-46ea-a4a5-53e34b2f2a24.jpeg 1065w\" sizes=\"auto, (max-width: 1024px) 100vw, 1024px\" \/><\/figure>\n\n\n\n<h1 class=\"has-text-align-center has-text-color has-x-large-font-size wp-block-heading\" style=\"color:#ffffff\"><strong>PARQUE CEMUCAM TEM VIRADAS ESPORTIVA E SUSTENT\u00c1VEL<\/strong><\/h1>\n<\/div><\/div>\n\n\n\n<section class=\"wp-block-uagb-section uagb-section__wrap uagb-section__background-undefined uagb-block-db5ae09d\"><div class=\"uagb-section__overlay\"><\/div><div class=\"uagb-section__inner-wrap\">\n<section class=\"wp-block-uagb-columns uagb-columns__wrap uagb-columns__background-none uagb-columns__stack-mobile uagb-columns__valign- uagb-columns__gap-10 align uagb-block-a75aa002 uagb-columns__columns-3 uagb-columns__max_width-theme\"><div class=\"uagb-columns__overlay\"><\/div><div class=\"uagb-columns__inner-wrap uagb-columns__columns-3\">\n<div class=\"wp-block-uagb-column uagb-column__wrap uagb-column__background-undefined uagb-block-f0f163bf\"><div class=\"uagb-column__overlay\"><\/div>\n<p><strong>Web R\u00e1dio<\/strong><\/p>\n\n\n<div class=\"wp-block-post-date\"><time datetime=\"2022-11-07T15:32:00+00:00\">novembro 7, 2022<\/time><\/div><\/div>\n\n\n\n<div class=\"wp-block-uagb-column uagb-column__wrap uagb-column__background-undefined uagb-block-34ce6b7e\"><div class=\"uagb-column__overlay\"><\/div><\/div>\n\n\n\n<div class=\"wp-block-uagb-column uagb-column__wrap uagb-column__background-undefined uagb-block-5c1e7dbf\"><div class=\"uagb-column__overlay\"><\/div>\n<div class=\"wp-block-uagb-social-share uagb-social-share__outer-wrap uagb-social-share__layout-horizontal uagb-block-2ad3a5d6\">\n<div class=\"wp-block-uagb-social-share-child uagb-ss-repeater uagb-ss__wrapper uagb-block-8f5c475f\"><a class=\"uagb-ss__link\" data-href=\"https:\/\/www.facebook.com\/sharer.php?u=\" rel=\"noopener noreferrer\"><span class=\"uagb-ss__source-wrap\"><span class=\"uagb-ss__source-icon\"><svg xmlns=\"https:\/\/www.w3.org\/2000\/svg\" viewBox=\"0 0 512 512\"><path d=\"M504 256C504 119 393 8 256 8S8 119 8 256c0 123.8 90.69 226.4 209.3 245V327.7h-63V256h63v-54.64c0-62.15 37-96.48 93.67-96.48 27.14 0 55.52 4.84 55.52 4.84v61h-31.28c-30.8 0-40.41 19.12-40.41 38.73V256h68.78l-11 71.69h-57.78V501C413.3 482.4 504 379.8 504 256z\"><\/path><\/svg><\/span><\/span><\/a><\/div>\n\n\n\n<div class=\"wp-block-uagb-social-share-child uagb-ss-repeater uagb-ss__wrapper uagb-block-2baf0cd8\"><a class=\"uagb-ss__link\" data-href=\"https:\/\/twitter.com\/share?url=\" rel=\"noopener noreferrer\"><span class=\"uagb-ss__source-wrap\"><span class=\"uagb-ss__source-icon\"><svg xmlns=\"https:\/\/www.w3.org\/2000\/svg\" viewBox=\"0 0 448 512\"><path d=\"M400 32H48C21.5 32 0 53.5 0 80v352c0 26.5 21.5 48 48 48h352c26.5 0 48-21.5 48-48V80c0-26.5-21.5-48-48-48zm-48.9 158.8c.2 2.8 .2 5.7 .2 8.5 0 86.7-66 186.6-186.6 186.6-37.2 0-71.7-10.8-100.7-29.4 5.3 .6 10.4 .8 15.8 .8 30.7 0 58.9-10.4 81.4-28-28.8-.6-53-19.5-61.3-45.5 10.1 1.5 19.2 1.5 29.6-1.2-30-6.1-52.5-32.5-52.5-64.4v-.8c8.7 4.9 18.9 7.9 29.6 8.3a65.45 65.45 0 0 1 -29.2-54.6c0-12.2 3.2-23.4 8.9-33.1 32.3 39.8 80.8 65.8 135.2 68.6-9.3-44.5 24-80.6 64-80.6 18.9 0 35.9 7.9 47.9 20.7 14.8-2.8 29-8.3 41.6-15.8-4.9 15.2-15.2 28-28.8 36.1 13.2-1.4 26-5.1 37.8-10.2-8.9 13.1-20.1 24.7-32.9 34z\"><\/path><\/svg><\/span><\/span><\/a><\/div>\n\n\n\n<div class=\"wp-block-uagb-social-share-child uagb-ss-repeater uagb-ss__wrapper uagb-block-c382fb92\"><a class=\"uagb-ss__link\" data-href=\"https:\/\/api.whatsapp.com\/send?text=\" rel=\"noopener noreferrer\"><span class=\"uagb-ss__source-wrap\"><span class=\"uagb-ss__source-icon\"><svg xmlns=\"https:\/\/www.w3.org\/2000\/svg\" viewBox=\"0 0 448 512\"><path d=\"M380.9 97.1C339 55.1 283.2 32 223.9 32c-122.4 0-222 99.6-222 222 0 39.1 10.2 77.3 29.6 111L0 480l117.7-30.9c32.4 17.7 68.9 27 106.1 27h.1c122.3 0 224.1-99.6 224.1-222 0-59.3-25.2-115-67.1-157zm-157 341.6c-33.2 0-65.7-8.9-94-25.7l-6.7-4-69.8 18.3L72 359.2l-4.4-7c-18.5-29.4-28.2-63.3-28.2-98.2 0-101.7 82.8-184.5 184.6-184.5 49.3 0 95.6 19.2 130.4 54.1 34.8 34.9 56.2 81.2 56.1 130.5 0 101.8-84.9 184.6-186.6 184.6zm101.2-138.2c-5.5-2.8-32.8-16.2-37.9-18-5.1-1.9-8.8-2.8-12.5 2.8-3.7 5.6-14.3 18-17.6 21.8-3.2 3.7-6.5 4.2-12 1.4-32.6-16.3-54-29.1-75.5-66-5.7-9.8 5.7-9.1 16.3-30.3 1.8-3.7 .9-6.9-.5-9.7-1.4-2.8-12.5-30.1-17.1-41.2-4.5-10.8-9.1-9.3-12.5-9.5-3.2-.2-6.9-.2-10.6-.2-3.7 0-9.7 1.4-14.8 6.9-5.1 5.6-19.4 19-19.4 46.3 0 27.3 19.9 53.7 22.6 57.4 2.8 3.7 39.1 59.7 94.8 83.8 35.2 15.2 49 16.5 66.6 13.9 10.7-1.6 32.8-13.4 37.4-26.4 4.6-13 4.6-24.1 3.2-26.4-1.3-2.5-5-3.9-10.5-6.6z\"><\/path><\/svg><\/span><\/span><\/a><\/div>\n\n\n\n<div class=\"wp-block-uagb-social-share-child uagb-ss-repeater uagb-ss__wrapper uagb-block-c6e56f5c\"><a class=\"uagb-ss__link\" data-href=\"https:\/\/www.linkedin.com\/shareArticle?url=\" rel=\"noopener noreferrer\"><span class=\"uagb-ss__source-wrap\"><span class=\"uagb-ss__source-icon\"><svg xmlns=\"https:\/\/www.w3.org\/2000\/svg\" viewBox=\"0 0 448 512\"><path d=\"M416 32H31.9C14.3 32 0 46.5 0 64.3v383.4C0 465.5 14.3 480 31.9 480H416c17.6 0 32-14.5 32-32.3V64.3c0-17.8-14.4-32.3-32-32.3zM135.4 416H69V202.2h66.5V416zm-33.2-243c-21.3 0-38.5-17.3-38.5-38.5S80.9 96 102.2 96c21.2 0 38.5 17.3 38.5 38.5 0 21.3-17.2 38.5-38.5 38.5zm282.1 243h-66.4V312c0-24.8-.5-56.7-34.5-56.7-34.6 0-39.9 27-39.9 54.9V416h-66.4V202.2h63.7v29.2h.9c8.9-16.8 30.6-34.5 62.9-34.5 67.2 0 79.7 44.3 79.7 101.9V416z\"><\/path><\/svg><\/span><\/span><\/a><\/div>\n<\/div>\n<\/div>\n<\/div><\/section>\n\n\n\n<hr class=\"wp-block-separator has-alpha-channel-opacity\"\/>\n<\/div><\/section>\n\n\n\n<p><\/p>\n\n\n\n<p class=\"has-text-color has-medium-font-size\" style=\"color:#333333\">Neste domingo 06\/11\/22 aconteceram v\u00e1rios eventos por toda a cidade de S\u00e3o Paulo em comemora\u00e7\u00e3o \u00e0 virada esportiva e sustent\u00e1vel.<\/p>\n\n\n\n<p class=\"has-text-color has-medium-font-size\" style=\"color:#333333\">E o parque Cemucam aqui na cidade pertencente a prefeitura da capital e administrado pela Secretaria do Verde e Meio Ambiente (SVMA). Junto a virada esportiva, tamb\u00e9m est\u00e1 acontecendo a virada sustent\u00e1vel, do dia 3 ao dia 20 de novembro.<\/p>\n\n\n\n<p class=\"has-text-color has-medium-font-size\" style=\"color:#333333\">Tivemos v\u00e1rias atividades no Parque Cemucam, como trilha de bike com distribui\u00e7\u00e3o de medalhas e certificado de participa\u00e7\u00e3o, festival de futebol, com times femininos, crian\u00e7as, juniores, futsal, v\u00f4lei e basquete, todos os participantes receberam premia\u00e7\u00f5es com direito a trof\u00e9us e medalhas para os vencedores, evento realizado em parceria coma Secretaria de Esportes (SEME), da cidade de S\u00e3o Paulo e Secretaria do Verde e Meio Ambiente &#8220;Ancora no Parque&#8221;.<\/p>\n\n\n\n<p class=\"has-text-color has-medium-font-size\" style=\"color:#333333\">Os visitantes puderam experimentar a pr\u00e1tica do Piramb\u00f4 com o professor Andr\u00e9 Pastore e tamb\u00e9m a  constru\u00e7\u00e3o de Birimbau e Bong\u00f3 com Bambu com o professora Geraldo Souza.<\/p>\n\n\n\n<p class=\"has-text-color has-medium-font-size\" style=\"color:#333333\">Na virada sustent\u00e1vel, v\u00e1rias atra\u00e7\u00f5es, como oficinas, m\u00fasica ao vivo, trilhas monitoradas e plantios com os participantes das atividades realizadas pela administra\u00e7\u00e3o do parque. Aconteceu tamb\u00e9m no parque oficinas em parceria com a cidade Ancora, com o projeto &#8220;Ancora no Parque&#8221;.<\/p>\n\n\n\n<div class=\"wp-block-uagb-blockquote uagb-block-e3a00d97 uagb-blockquote__skin-border uagb-blockquote__stack-img-none\"><blockquote class=\"uagb-blockquote\"><div class=\"uagb-blockquote__content\">A VIRADA SUSTENT\u00c1VEL SEGUE NO PARQUE COM V\u00c1RIAS ATIVIDADES AT\u00c9 O DIA 20 DE NOVEMBRO.<\/div><footer><div class=\"uagb-blockquote__author-wrap uagb-blockquote__author-at-left\"><\/div><\/footer><\/blockquote><\/div>\n\n\n\n<p class=\"has-text-color has-medium-font-size\" style=\"color:#333333\">Fotos das atividades no final de semana das viradas esportiva e sustent\u00e1vel no Parque Cemucam.<\/p>\n\n\n\n<p><\/p>\n\n\n\n<figure class=\"wp-block-gallery has-nested-images columns-2 is-cropped wp-block-gallery-1 is-layout-flex wp-block-gallery-is-layout-flex\">\n<figure class=\"wp-block-image size-large\"><img loading=\"lazy\" decoding=\"async\" width=\"1024\" height=\"1024\" data-id=\"885\" src=\"https:\/\/borabrasil.radio.br\/wp-content\/uploads\/2022\/11\/virada-esportiva-e-sustentavel-parque-cemucam1-1024x1024.jpeg\" alt=\"\" class=\"wp-image-885\" srcset=\"https:\/\/borabrasil.radio.br\/wp-content\/uploads\/2022\/11\/virada-esportiva-e-sustentavel-parque-cemucam1-1024x1024.jpeg 1024w, https:\/\/borabrasil.radio.br\/wp-content\/uploads\/2022\/11\/virada-esportiva-e-sustentavel-parque-cemucam1-300x300.jpeg 300w, https:\/\/borabrasil.radio.br\/wp-content\/uploads\/2022\/11\/virada-esportiva-e-sustentavel-parque-cemucam1-150x150.jpeg 150w, https:\/\/borabrasil.radio.br\/wp-content\/uploads\/2022\/11\/virada-esportiva-e-sustentavel-parque-cemucam1-768x768.jpeg 768w, https:\/\/borabrasil.radio.br\/wp-content\/uploads\/2022\/11\/virada-esportiva-e-sustentavel-parque-cemucam1-600x600.jpeg 600w, https:\/\/borabrasil.radio.br\/wp-content\/uploads\/2022\/11\/virada-esportiva-e-sustentavel-parque-cemucam1-465x465.jpeg 465w, https:\/\/borabrasil.radio.br\/wp-content\/uploads\/2022\/11\/virada-esportiva-e-sustentavel-parque-cemucam1-500x500.jpeg 500w, https:\/\/borabrasil.radio.br\/wp-content\/uploads\/2022\/11\/virada-esportiva-e-sustentavel-parque-cemucam1-200x200.jpeg 200w, https:\/\/borabrasil.radio.br\/wp-content\/uploads\/2022\/11\/virada-esportiva-e-sustentavel-parque-cemucam1.jpeg 1080w\" sizes=\"auto, (max-width: 1024px) 100vw, 1024px\" \/><\/figure>\n\n\n\n<figure class=\"wp-block-image size-large\"><img loading=\"lazy\" decoding=\"async\" width=\"960\" height=\"960\" data-id=\"887\" src=\"https:\/\/borabrasil.radio.br\/wp-content\/uploads\/2022\/11\/virada-esportiva-e-sustentavel-parque-cemucam2.jpeg\" alt=\"\" class=\"wp-image-887\" srcset=\"https:\/\/borabrasil.radio.br\/wp-content\/uploads\/2022\/11\/virada-esportiva-e-sustentavel-parque-cemucam2.jpeg 960w, https:\/\/borabrasil.radio.br\/wp-content\/uploads\/2022\/11\/virada-esportiva-e-sustentavel-parque-cemucam2-300x300.jpeg 300w, https:\/\/borabrasil.radio.br\/wp-content\/uploads\/2022\/11\/virada-esportiva-e-sustentavel-parque-cemucam2-150x150.jpeg 150w, https:\/\/borabrasil.radio.br\/wp-content\/uploads\/2022\/11\/virada-esportiva-e-sustentavel-parque-cemucam2-768x768.jpeg 768w, https:\/\/borabrasil.radio.br\/wp-content\/uploads\/2022\/11\/virada-esportiva-e-sustentavel-parque-cemucam2-600x600.jpeg 600w, https:\/\/borabrasil.radio.br\/wp-content\/uploads\/2022\/11\/virada-esportiva-e-sustentavel-parque-cemucam2-465x465.jpeg 465w, https:\/\/borabrasil.radio.br\/wp-content\/uploads\/2022\/11\/virada-esportiva-e-sustentavel-parque-cemucam2-500x500.jpeg 500w, https:\/\/borabrasil.radio.br\/wp-content\/uploads\/2022\/11\/virada-esportiva-e-sustentavel-parque-cemucam2-200x200.jpeg 200w\" sizes=\"auto, (max-width: 960px) 100vw, 960px\" \/><\/figure>\n\n\n\n<figure class=\"wp-block-image size-large\"><img loading=\"lazy\" decoding=\"async\" width=\"1024\" height=\"768\" data-id=\"886\" src=\"https:\/\/borabrasil.radio.br\/wp-content\/uploads\/2022\/11\/virada-esportiva-e-sustentavel-parque-cemucam3-1024x768.jpeg\" alt=\"\" class=\"wp-image-886\" srcset=\"https:\/\/borabrasil.radio.br\/wp-content\/uploads\/2022\/11\/virada-esportiva-e-sustentavel-parque-cemucam3-1024x768.jpeg 1024w, https:\/\/borabrasil.radio.br\/wp-content\/uploads\/2022\/11\/virada-esportiva-e-sustentavel-parque-cemucam3-300x225.jpeg 300w, https:\/\/borabrasil.radio.br\/wp-content\/uploads\/2022\/11\/virada-esportiva-e-sustentavel-parque-cemucam3-768x576.jpeg 768w, https:\/\/borabrasil.radio.br\/wp-content\/uploads\/2022\/11\/virada-esportiva-e-sustentavel-parque-cemucam3-465x349.jpeg 465w, https:\/\/borabrasil.radio.br\/wp-content\/uploads\/2022\/11\/virada-esportiva-e-sustentavel-parque-cemucam3-667x500.jpeg 667w, https:\/\/borabrasil.radio.br\/wp-content\/uploads\/2022\/11\/virada-esportiva-e-sustentavel-parque-cemucam3.jpeg 1280w\" sizes=\"auto, (max-width: 1024px) 100vw, 1024px\" \/><\/figure>\n\n\n\n<figure class=\"wp-block-image size-large\"><img loading=\"lazy\" decoding=\"async\" width=\"1024\" height=\"1024\" data-id=\"888\" src=\"https:\/\/borabrasil.radio.br\/wp-content\/uploads\/2022\/11\/virada-esportiva-e-sustentavel-parque-cemucam4-1024x1024.jpeg\" alt=\"\" class=\"wp-image-888\" srcset=\"https:\/\/borabrasil.radio.br\/wp-content\/uploads\/2022\/11\/virada-esportiva-e-sustentavel-parque-cemucam4-1024x1024.jpeg 1024w, https:\/\/borabrasil.radio.br\/wp-content\/uploads\/2022\/11\/virada-esportiva-e-sustentavel-parque-cemucam4-300x300.jpeg 300w, https:\/\/borabrasil.radio.br\/wp-content\/uploads\/2022\/11\/virada-esportiva-e-sustentavel-parque-cemucam4-150x150.jpeg 150w, https:\/\/borabrasil.radio.br\/wp-content\/uploads\/2022\/11\/virada-esportiva-e-sustentavel-parque-cemucam4-768x768.jpeg 768w, https:\/\/borabrasil.radio.br\/wp-content\/uploads\/2022\/11\/virada-esportiva-e-sustentavel-parque-cemucam4-600x600.jpeg 600w, https:\/\/borabrasil.radio.br\/wp-content\/uploads\/2022\/11\/virada-esportiva-e-sustentavel-parque-cemucam4-465x465.jpeg 465w, https:\/\/borabrasil.radio.br\/wp-content\/uploads\/2022\/11\/virada-esportiva-e-sustentavel-parque-cemucam4-500x500.jpeg 500w, https:\/\/borabrasil.radio.br\/wp-content\/uploads\/2022\/11\/virada-esportiva-e-sustentavel-parque-cemucam4-200x200.jpeg 200w, https:\/\/borabrasil.radio.br\/wp-content\/uploads\/2022\/11\/virada-esportiva-e-sustentavel-parque-cemucam4.jpeg 1080w\" sizes=\"auto, (max-width: 1024px) 100vw, 1024px\" \/><\/figure>\n<\/figure>\n","protected":false},"excerpt":{"rendered":"<p>PARQUE CEMUCAM TEM VIRADAS ESPORTIVA E SUSTENT\u00c1VEL Neste domingo 06\/11\/22 aconteceram v\u00e1rios eventos por toda a cidade de S\u00e3o Paulo em comemora\u00e7\u00e3o \u00e0 virada esportiva e sustent\u00e1vel. E o parque Cemucam aqui na cidade pertencente a prefeitura da capital e administrado pela Secretaria do Verde e Meio Ambiente (SVMA). Junto<span class=\"more-link\"><a href=\"https:\/\/borabrasil.radio.br\/?p=884\">Continue Reading<\/a><\/span><\/p>\n","protected":false},"author":4,"featured_media":905,"comment_status":"closed","ping_status":"closed","sticky":false,"template":"","format":"standard","meta":{"_uag_custom_page_level_css":"","footnotes":""},"categories":[27],"tags":[],"class_list":["entry","author-wrbb","post-884","post","type-post","status-publish","format-standard","has-post-thumbnail","category-virada-esportiva"],"uagb_featured_image_src":{"full":["https:\/\/borabrasil.radio.br\/wp-content\/uploads\/2022\/11\/c4478dc3-622b-46ea-a4a5-53e34b2f2a24.jpeg",1065,735,false],"thumbnail":["https:\/\/borabrasil.radio.br\/wp-content\/uploads\/2022\/11\/c4478dc3-622b-46ea-a4a5-53e34b2f2a24-150x150.jpeg",150,150,true],"medium":["https:\/\/borabrasil.radio.br\/wp-content\/uploads\/2022\/11\/c4478dc3-622b-46ea-a4a5-53e34b2f2a24-300x207.jpeg",300,207,true],"medium_large":["https:\/\/borabrasil.radio.br\/wp-content\/uploads\/2022\/11\/c4478dc3-622b-46ea-a4a5-53e34b2f2a24-768x530.jpeg",768,530,true],"large":["https:\/\/borabrasil.radio.br\/wp-content\/uploads\/2022\/11\/c4478dc3-622b-46ea-a4a5-53e34b2f2a24-1024x707.jpeg",1024,707,true],"1536x1536":["https:\/\/borabrasil.radio.br\/wp-content\/uploads\/2022\/11\/c4478dc3-622b-46ea-a4a5-53e34b2f2a24.jpeg",1065,735,false],"2048x2048":["https:\/\/borabrasil.radio.br\/wp-content\/uploads\/2022\/11\/c4478dc3-622b-46ea-a4a5-53e34b2f2a24.jpeg",1065,735,false],"ultp_layout_landscape_large":["https:\/\/borabrasil.radio.br\/wp-content\/uploads\/2022\/11\/c4478dc3-622b-46ea-a4a5-53e34b2f2a24.jpeg",1065,735,false],"ultp_layout_landscape":["https:\/\/borabrasil.radio.br\/wp-content\/uploads\/2022\/11\/c4478dc3-622b-46ea-a4a5-53e34b2f2a24-870x570.jpeg",870,570,true],"ultp_layout_portrait":["https:\/\/borabrasil.radio.br\/wp-content\/uploads\/2022\/11\/c4478dc3-622b-46ea-a4a5-53e34b2f2a24-600x735.jpeg",600,735,true],"ultp_layout_square":["https:\/\/borabrasil.radio.br\/wp-content\/uploads\/2022\/11\/c4478dc3-622b-46ea-a4a5-53e34b2f2a24-600x600.jpeg",600,600,true],"hoot-medium-thumb":["https:\/\/borabrasil.radio.br\/wp-content\/uploads\/2022\/11\/c4478dc3-622b-46ea-a4a5-53e34b2f2a24-460x270.jpeg",460,270,true],"hoot-preview":["https:\/\/borabrasil.radio.br\/wp-content\/uploads\/2022\/11\/c4478dc3-622b-46ea-a4a5-53e34b2f2a24-465x321.jpeg",465,321,true],"hoot-preview-thumb":["https:\/\/borabrasil.radio.br\/wp-content\/uploads\/2022\/11\/c4478dc3-622b-46ea-a4a5-53e34b2f2a24-465x550.jpeg",465,550,true],"hoot-large-thumb":["https:\/\/borabrasil.radio.br\/wp-content\/uploads\/2022\/11\/c4478dc3-622b-46ea-a4a5-53e34b2f2a24-690x550.jpeg",690,550,true],"hoot-preview-large":["https:\/\/borabrasil.radio.br\/wp-content\/uploads\/2022\/11\/c4478dc3-622b-46ea-a4a5-53e34b2f2a24-695x480.jpeg",695,480,true],"hoot-wide-thumb":["https:\/\/borabrasil.radio.br\/wp-content\/uploads\/2022\/11\/c4478dc3-622b-46ea-a4a5-53e34b2f2a24-920x425.jpeg",920,425,true],"hoot-extra-wide-thumb":["https:\/\/borabrasil.radio.br\/wp-content\/uploads\/2022\/11\/c4478dc3-622b-46ea-a4a5-53e34b2f2a24-1035x425.jpeg",1035,425,true]},"uagb_author_info":{"display_name":"Web R\u00e1dio Bora Brasil","author_link":"https:\/\/borabrasil.radio.br\/?author=4"},"uagb_comment_info":0,"uagb_excerpt":"PARQUE CEMUCAM TEM VIRADAS ESPORTIVA E SUSTENT\u00c1VEL Neste domingo 06\/11\/22 aconteceram v\u00e1rios eventos por toda a cidade de S\u00e3o Paulo em comemora\u00e7\u00e3o \u00e0 virada esportiva e sustent\u00e1vel. E o parque Cemucam aqui na cidade pertencente a prefeitura da capital e administrado pela Secretaria do Verde e Meio Ambiente (SVMA). JuntoContinue Reading","_links":{"self":[{"href":"https:\/\/borabrasil.radio.br\/index.php?rest_route=\/wp\/v2\/posts\/884","targetHints":{"allow":["GET"]}}],"collection":[{"href":"https:\/\/borabrasil.radio.br\/index.php?rest_route=\/wp\/v2\/posts"}],"about":[{"href":"https:\/\/borabrasil.radio.br\/index.php?rest_route=\/wp\/v2\/types\/post"}],"author":[{"embeddable":true,"href":"https:\/\/borabrasil.radio.br\/index.php?rest_route=\/wp\/v2\/users\/4"}],"replies":[{"embeddable":true,"href":"https:\/\/borabrasil.radio.br\/index.php?rest_route=%2Fwp%2Fv2%2Fcomments&post=884"}],"version-history":[{"count":8,"href":"https:\/\/borabrasil.radio.br\/index.php?rest_route=\/wp\/v2\/posts\/884\/revisions"}],"predecessor-version":[{"id":906,"href":"https:\/\/borabrasil.radio.br\/index.php?rest_route=\/wp\/v2\/posts\/884\/revisions\/906"}],"wp:featuredmedia":[{"embeddable":true,"href":"https:\/\/borabrasil.radio.br\/index.php?rest_route=\/wp\/v2\/media\/905"}],"wp:attachment":[{"href":"https:\/\/borabrasil.radio.br\/index.php?rest_route=%2Fwp%2Fv2%2Fmedia&parent=884"}],"wp:term":[{"taxonomy":"category","embeddable":true,"href":"https:\/\/borabrasil.radio.br\/index.php?rest_route=%2Fwp%2Fv2%2Fcategories&post=884"},{"taxonomy":"post_tag","embeddable":true,"href":"https:\/\/borabrasil.radio.br\/index.php?rest_route=%2Fwp%2Fv2%2Ftags&post=884"}],"curies":[{"name":"wp","href":"https:\/\/api.w.org\/{rel}","templated":true}]}}